{"id":20608,"date":"2025-10-23T21:13:40","date_gmt":"2025-10-23T21:13:40","guid":{"rendered":"https:\/\/alertasaltillo.com\/?p=20608"},"modified":"2025-10-23T21:13:43","modified_gmt":"2025-10-23T21:13:43","slug":"indigna-pareja-por-escalar-el-monte-rysy-con-su-bebe-de-9-meses","status":"publish","type":"post","link":"https:\/\/alertasaltillo.com\/index.php\/2025\/10\/23\/indigna-pareja-por-escalar-el-monte-rysy-con-su-bebe-de-9-meses\/","title":{"rendered":"INDIGNA PAREJA POR ESCALAR EL MONTE RYSY CON SU BEBE DE 9 MESES"},"content":{"rendered":"\n<h2>El intento de una pareja lituana por alcanzar la cima m\u00e1s alta de Polonia con su hijo peque\u00f1o desat\u00f3 una ola de cr\u00edticas.<\/h2>\n\n\n\n<p><\/p>\n\n\n\n<p>Lo que pretend\u00eda ser una experiencia familiar&nbsp;<strong>termin\u00f3 en una ola de indignaci\u00f3n internacional.<\/strong><\/p>\n\n\n\n<p><strong>Una pareja&nbsp;<\/strong>de origen lituano&nbsp;<strong>fue captada&nbsp;junto a su beb\u00e9 de nueve meses tras intentar escalar el monte Rysy<\/strong>, la cumbre m\u00e1s alta de Polonia, situada en la cordillera de los Altos Tatras, en la frontera con Eslovaquia.<\/p>\n\n\n\n<p>Durante el descenso,&nbsp;<strong>los monta\u00f1istas comenzaron a tener dificultades para avanzar<\/strong>&nbsp;y el terreno se volvi\u00f3 peligroso, por lo que un gu\u00eda de monta\u00f1a intervino para ayudarlos y garantizar la seguridad del infante.<\/p>\n\n\n\n<p>El rescate evit\u00f3 una tragedia, pero el incidente encendi\u00f3 un debate global sobre la irresponsabilidad parental y los riesgos de priorizar las redes sociales por encima de la seguridad.<\/p>\n\n\n\n<p>Con Informaci\u00f3n tomada de EXC\u00c9LSIOR<\/p>\n","protected":false},"excerpt":{"rendered":"<p>El intento de una pareja lituana por alcanzar la cima m\u00e1s alta de Polonia con su hijo peque\u00f1o desat\u00f3 una ola de cr\u00edticas. Lo que pretend\u00eda ser una experiencia familiar&nbsp;termin\u00f3 en una ola de indignaci\u00f3n internacional. Una pareja&nbsp;de origen lituano&nbsp;fue captada&nbsp;junto a su beb\u00e9 de nueve meses tras intentar escalar el monte Rysy, la cumbre [&hellip;]<\/p>\n","protected":false},"author":4,"featured_media":20609,"comment_status":"open","ping_status":"open","sticky":false,"template":"","format":"standard","meta":[],"categories":[8],"tags":[],"_links":{"self":[{"href":"https:\/\/alertasaltillo.com\/index.php\/wp-json\/wp\/v2\/posts\/20608"}],"collection":[{"href":"https:\/\/alertasaltillo.com\/index.php\/wp-json\/wp\/v2\/posts"}],"about":[{"href":"https:\/\/alertasaltillo.com\/index.php\/wp-json\/wp\/v2\/types\/post"}],"author":[{"embeddable":true,"href":"https:\/\/alertasaltillo.com\/index.php\/wp-json\/wp\/v2\/users\/4"}],"replies":[{"embeddable":true,"href":"https:\/\/alertasaltillo.com\/index.php\/wp-json\/wp\/v2\/comments?post=20608"}],"version-history":[{"count":1,"href":"https:\/\/alertasaltillo.com\/index.php\/wp-json\/wp\/v2\/posts\/20608\/revisions"}],"predecessor-version":[{"id":20610,"href":"https:\/\/alertasaltillo.com\/index.php\/wp-json\/wp\/v2\/posts\/20608\/revisions\/20610"}],"wp:featuredmedia":[{"embeddable":true,"href":"https:\/\/alertasaltillo.com\/index.php\/wp-json\/wp\/v2\/media\/20609"}],"wp:attachment":[{"href":"https:\/\/alertasaltillo.com\/index.php\/wp-json\/wp\/v2\/media?parent=20608"}],"wp:term":[{"taxonomy":"category","embeddable":true,"href":"https:\/\/alertasaltillo.com\/index.php\/wp-json\/wp\/v2\/categories?post=20608"},{"taxonomy":"post_tag","embeddable":true,"href":"https:\/\/alertasaltillo.com\/index.php\/wp-json\/wp\/v2\/tags?post=20608"}],"curies":[{"name":"wp","href":"https:\/\/api.w.org\/{rel}","templated":true}]}}