{"id":20553,"date":"2025-10-22T19:21:19","date_gmt":"2025-10-22T19:21:19","guid":{"rendered":"https:\/\/alertasaltillo.com\/?p=20553"},"modified":"2025-10-22T19:21:21","modified_gmt":"2025-10-22T19:21:21","slug":"el-museo-de-louvre-reabre-tres-dias-despues-de-un-robo-de-joyas","status":"publish","type":"post","link":"https:\/\/alertasaltillo.com\/index.php\/2025\/10\/22\/el-museo-de-louvre-reabre-tres-dias-despues-de-un-robo-de-joyas\/","title":{"rendered":"EL MUSEO DE LOUVRE REABRE TRES D\u00cdAS DESPU\u00c9S DE UN ROBO DE JOYAS"},"content":{"rendered":"\n<p>Par\u00eds.- El Museo de Louvre reabri\u00f3 sus puertas al p\u00fablico este mi\u00e9rcoles por la ma\u00f1ana, tres d\u00edas despu\u00e9s de un robo de joyas que provoc\u00f3 cuantiosas p\u00e9rdidas.<\/p>\n\n\n\n<p>El museo inform\u00f3 que la Galer\u00eda Apolo, donde ocurri\u00f3 el robo el domingo, permanecer\u00e1 cerrada.<\/p>\n\n\n\n<p>Las joyas sustra\u00eddas est\u00e1n valoradas en cerca de 90 millones de euros, seg\u00fan declar\u00f3 el martes la fiscal de Par\u00eds, Laure Beccuau.<\/p>\n\n\n\n<p>\u201cLos da\u00f1os fueron estimados por el conservador del Louvre en 88 millones de euros (unos 102 millones de d\u00f3lares), una cifra extremadamente elevada, sin precedentes y que no puede equipararse a una p\u00e9rdida hist\u00f3rica\u201d, declar\u00f3 Beccuau a la emisora de radio RTL.<\/p>\n\n\n\n<p>Ocho piezas de las joyas de la corona francesa conservadas en el museo fueron robadas por cuatro ladrones que a\u00fan siguen pr\u00f3fugos. Unos 100 investigadores han sido movilizados para localizar a los sospechosos y recuperar las obras robadas.<\/p>\n\n\n\n<p>El presidente franc\u00e9s, Emmanuel Macron, asegur\u00f3 que se est\u00e1 haciendo \u201ctodo lo posible, en todos los frentes\u201d, para llevar a los autores ante la justicia bajo la coordinaci\u00f3n de la fiscal\u00eda de Par\u00eds.\u00a0<\/p>\n\n\n\n<p>Con Informaci\u00f3n tomada de EL HERALDO DE SALTILLO<\/p>\n\n\n\n<p><\/p>\n","protected":false},"excerpt":{"rendered":"<p>Par\u00eds.- El Museo de Louvre reabri\u00f3 sus puertas al p\u00fablico este mi\u00e9rcoles por la ma\u00f1ana, tres d\u00edas despu\u00e9s de un robo de joyas que provoc\u00f3 cuantiosas p\u00e9rdidas. El museo inform\u00f3 que la Galer\u00eda Apolo, donde ocurri\u00f3 el robo el domingo, permanecer\u00e1 cerrada. Las joyas sustra\u00eddas est\u00e1n valoradas en cerca de 90 millones de euros, seg\u00fan [&hellip;]<\/p>\n","protected":false},"author":4,"featured_media":20554,"comment_status":"open","ping_status":"open","sticky":false,"template":"","format":"standard","meta":[],"categories":[186],"tags":[],"_links":{"self":[{"href":"https:\/\/alertasaltillo.com\/index.php\/wp-json\/wp\/v2\/posts\/20553"}],"collection":[{"href":"https:\/\/alertasaltillo.com\/index.php\/wp-json\/wp\/v2\/posts"}],"about":[{"href":"https:\/\/alertasaltillo.com\/index.php\/wp-json\/wp\/v2\/types\/post"}],"author":[{"embeddable":true,"href":"https:\/\/alertasaltillo.com\/index.php\/wp-json\/wp\/v2\/users\/4"}],"replies":[{"embeddable":true,"href":"https:\/\/alertasaltillo.com\/index.php\/wp-json\/wp\/v2\/comments?post=20553"}],"version-history":[{"count":1,"href":"https:\/\/alertasaltillo.com\/index.php\/wp-json\/wp\/v2\/posts\/20553\/revisions"}],"predecessor-version":[{"id":20555,"href":"https:\/\/alertasaltillo.com\/index.php\/wp-json\/wp\/v2\/posts\/20553\/revisions\/20555"}],"wp:featuredmedia":[{"embeddable":true,"href":"https:\/\/alertasaltillo.com\/index.php\/wp-json\/wp\/v2\/media\/20554"}],"wp:attachment":[{"href":"https:\/\/alertasaltillo.com\/index.php\/wp-json\/wp\/v2\/media?parent=20553"}],"wp:term":[{"taxonomy":"category","embeddable":true,"href":"https:\/\/alertasaltillo.com\/index.php\/wp-json\/wp\/v2\/categories?post=20553"},{"taxonomy":"post_tag","embeddable":true,"href":"https:\/\/alertasaltillo.com\/index.php\/wp-json\/wp\/v2\/tags?post=20553"}],"curies":[{"name":"wp","href":"https:\/\/api.w.org\/{rel}","templated":true}]}}