{"id":20514,"date":"2025-10-20T15:00:46","date_gmt":"2025-10-20T15:00:46","guid":{"rendered":"https:\/\/alertasaltillo.com\/?p=20514"},"modified":"2025-10-20T15:00:49","modified_gmt":"2025-10-20T15:00:49","slug":"un-muerto-y-100-heridos-en-protesta-masiva-tras-instalarse-nuevo-gobierno-en-peru","status":"publish","type":"post","link":"https:\/\/alertasaltillo.com\/index.php\/2025\/10\/20\/un-muerto-y-100-heridos-en-protesta-masiva-tras-instalarse-nuevo-gobierno-en-peru\/","title":{"rendered":"UN MUERTO Y 100 HERIDOS EN PROTESTA MASIVA TRAS INSTALARSE NUEVO GOBIERNO EN PER\u00da"},"content":{"rendered":"\n<h2>El presidente Jos\u00e9 Jer\u00ed denunci\u00f3 que la \u00abmanifestaci\u00f3n pac\u00edfica\u00bb fue infiltrada por delincuentes \u00abpara generar caos\u00bb.<\/h2>\n\n\n\n<p>Al menos un muerto y m\u00e1s de 100 heridos dejaron los enfrentamientos que estallaron la noche del mi\u00e9rcoles en el centro de Lima, durante&nbsp;<strong><a href=\"https:\/\/www.excelsior.com.mx\/global\/protestas-peru-nuevo-presidente-2025\/1745951\" target=\"_blank\" rel=\"noreferrer noopener\">una protesta masiva liderada por j\u00f3venes contra el Congreso<\/a><\/strong>&nbsp;y el gobierno reci\u00e9n instalado.&nbsp;Una multitud march\u00f3 hacia la sede del legislativo en rechazo de la clase pol\u00edtica y de la ola de extorsiones y asesinatos del crimen organizado.<\/p>\n\n\n\n<p>La crisis de inseguridad precipit\u00f3 la destituci\u00f3n de la mandataria Dina Boluarte en un juicio pol\u00edtico expr\u00e9s el 10 de octubre. El derechista Jos\u00e9 Jer\u00ed, de 38 a\u00f1os y hasta entonces jefe del parlamento, asumi\u00f3 el mando de manera transitoria hasta julio de 2026, cuando deber\u00e1 entregar el poder al elegido en los comicios generales del pr\u00f3ximo a\u00f1o. Antes del inesperado cambio de presidente, la Generaci\u00f3n Z,\u00a0<strong>un colectivo de j\u00f3venes de 18 a 30 a\u00f1os,<\/strong>\u00a0y gremios de artistas y del transporte p\u00fablico hab\u00edan convocado la protesta del mi\u00e9rcoles.<\/p>\n\n\n\n<p><strong>\u00abYo creo que hay un descontento general porque no se ha hecho nada. No hay un plan de seguridad desde el Estado\u00bb, dijo la trabajadora independiente Amanda Meza, de 49 a\u00f1os, mientras marchaba hacia la sede del Congreso. \u00abLa inseguridad ciudadana, la extorsi\u00f3n, el sicariato (..) ha crecido enormemente en el Per\u00fa\u00bb, agreg\u00f3 la mujer en medio del grito de la multitud \u00abni un muerto m\u00e1s\u00bb.<\/strong><\/p>\n\n\n\n<p>Con Informaci\u00f3n tomada de EXC\u00c9LSIOR<\/p>\n","protected":false},"excerpt":{"rendered":"<p>El presidente Jos\u00e9 Jer\u00ed denunci\u00f3 que la \u00abmanifestaci\u00f3n pac\u00edfica\u00bb fue infiltrada por delincuentes \u00abpara generar caos\u00bb. Al menos un muerto y m\u00e1s de 100 heridos dejaron los enfrentamientos que estallaron la noche del mi\u00e9rcoles en el centro de Lima, durante&nbsp;una protesta masiva liderada por j\u00f3venes contra el Congreso&nbsp;y el gobierno reci\u00e9n instalado.&nbsp;Una multitud march\u00f3 hacia [&hellip;]<\/p>\n","protected":false},"author":4,"featured_media":20515,"comment_status":"open","ping_status":"open","sticky":false,"template":"","format":"standard","meta":[],"categories":[186],"tags":[],"_links":{"self":[{"href":"https:\/\/alertasaltillo.com\/index.php\/wp-json\/wp\/v2\/posts\/20514"}],"collection":[{"href":"https:\/\/alertasaltillo.com\/index.php\/wp-json\/wp\/v2\/posts"}],"about":[{"href":"https:\/\/alertasaltillo.com\/index.php\/wp-json\/wp\/v2\/types\/post"}],"author":[{"embeddable":true,"href":"https:\/\/alertasaltillo.com\/index.php\/wp-json\/wp\/v2\/users\/4"}],"replies":[{"embeddable":true,"href":"https:\/\/alertasaltillo.com\/index.php\/wp-json\/wp\/v2\/comments?post=20514"}],"version-history":[{"count":1,"href":"https:\/\/alertasaltillo.com\/index.php\/wp-json\/wp\/v2\/posts\/20514\/revisions"}],"predecessor-version":[{"id":20516,"href":"https:\/\/alertasaltillo.com\/index.php\/wp-json\/wp\/v2\/posts\/20514\/revisions\/20516"}],"wp:featuredmedia":[{"embeddable":true,"href":"https:\/\/alertasaltillo.com\/index.php\/wp-json\/wp\/v2\/media\/20515"}],"wp:attachment":[{"href":"https:\/\/alertasaltillo.com\/index.php\/wp-json\/wp\/v2\/media?parent=20514"}],"wp:term":[{"taxonomy":"category","embeddable":true,"href":"https:\/\/alertasaltillo.com\/index.php\/wp-json\/wp\/v2\/categories?post=20514"},{"taxonomy":"post_tag","embeddable":true,"href":"https:\/\/alertasaltillo.com\/index.php\/wp-json\/wp\/v2\/tags?post=20514"}],"curies":[{"name":"wp","href":"https:\/\/api.w.org\/{rel}","templated":true}]}}