{"id":20318,"date":"2025-10-12T02:47:37","date_gmt":"2025-10-12T02:47:37","guid":{"rendered":"https:\/\/alertasaltillo.com\/?p=20318"},"modified":"2025-10-12T02:47:39","modified_gmt":"2025-10-12T02:47:39","slug":"tejedoras-rinden-homenaje-a-victimas-de-tragedia-en-la-concordia","status":"publish","type":"post","link":"https:\/\/alertasaltillo.com\/index.php\/2025\/10\/12\/tejedoras-rinden-homenaje-a-victimas-de-tragedia-en-la-concordia\/","title":{"rendered":"TEJEDORAS RINDEN HOMENAJE A V\u00cdCTIMAS DE TRAGEDIA EN LA CONCORDIA"},"content":{"rendered":"\n<h2>La idea de bordar los nombres de las v\u00edctimas de la tragedia surgi\u00f3 de una charla entre amigas y se lanz\u00f3 una convocatoria en redes sociales<\/h2>\n\n\n\n<p>A un mes de la tragedia ocurrida en La Concordia, en los l\u00edmites de la&nbsp;<a href=\"https:\/\/www.excelsior.com.mx\/iztapalapa\">alcald\u00eda Iztapalapa<\/a>&nbsp;con el municipio de Los Reyes La Paz,&nbsp;<strong>decenas de mujeres tejedoras de la periferia de la Ciudad de M\u00e9xico,<\/strong>&nbsp;municipios conurbados del oriente del Valle de M\u00e9xico y diversas entidades del pa\u00eds, colocaron este s\u00e1bado un tendedero con los nombres de las 31 personas fallecidas tras la explosi\u00f3n de una pipa en ese distribuidor vial.<\/p>\n\n\n\n<p><strong>La propuesta surge de la rabia, del dolor y de la indignaci\u00f3n. Quer\u00edamos elaborar un memorial bordado para que este hecho no se olvide y recordar que en la periferia las vidas importan\u201d, dijo Fernanda, joven tejedora, vecina de Iztapalapa e impulsora de la iniciativa.<\/strong><\/p>\n\n\n\n<p><strong>El tendedero incluye los nombres de las v\u00edctimas mortales<\/strong>, como Irving Ali Yael Gonz\u00e1lez Aranda, Adolfo Franco Madrigal, Misael Cano Rodr\u00edguez y Alicia Mat\u00edas Tadeo, conocida como la \u201cabuelita hero\u00edna\u201d.<\/p>\n\n\n\n<p>As\u00ed como\u00a0<strong>de quienes a\u00fan luchan por sus vidas\u00a0<\/strong>y permanecen hospitalizados, como la nieta de Alicia Mateos, Jazlyn, la beb\u00e9 de dos a\u00f1os que fue trasladada al hospital Shriner\u2019s Children en Galveston. Alicia protegi\u00f3 con su cuerpo a su nieta, lo que logr\u00f3 salvarle la vida.<\/p>\n\n\n\n<p>Con Informaci\u00f3n tomada de EX\u00c7ELSIOR<\/p>\n","protected":false},"excerpt":{"rendered":"<p>La idea de bordar los nombres de las v\u00edctimas de la tragedia surgi\u00f3 de una charla entre amigas y se lanz\u00f3 una convocatoria en redes sociales A un mes de la tragedia ocurrida en La Concordia, en los l\u00edmites de la&nbsp;alcald\u00eda Iztapalapa&nbsp;con el municipio de Los Reyes La Paz,&nbsp;decenas de mujeres tejedoras de la periferia [&hellip;]<\/p>\n","protected":false},"author":4,"featured_media":20319,"comment_status":"open","ping_status":"open","sticky":false,"template":"","format":"standard","meta":[],"categories":[185],"tags":[],"_links":{"self":[{"href":"https:\/\/alertasaltillo.com\/index.php\/wp-json\/wp\/v2\/posts\/20318"}],"collection":[{"href":"https:\/\/alertasaltillo.com\/index.php\/wp-json\/wp\/v2\/posts"}],"about":[{"href":"https:\/\/alertasaltillo.com\/index.php\/wp-json\/wp\/v2\/types\/post"}],"author":[{"embeddable":true,"href":"https:\/\/alertasaltillo.com\/index.php\/wp-json\/wp\/v2\/users\/4"}],"replies":[{"embeddable":true,"href":"https:\/\/alertasaltillo.com\/index.php\/wp-json\/wp\/v2\/comments?post=20318"}],"version-history":[{"count":1,"href":"https:\/\/alertasaltillo.com\/index.php\/wp-json\/wp\/v2\/posts\/20318\/revisions"}],"predecessor-version":[{"id":20320,"href":"https:\/\/alertasaltillo.com\/index.php\/wp-json\/wp\/v2\/posts\/20318\/revisions\/20320"}],"wp:featuredmedia":[{"embeddable":true,"href":"https:\/\/alertasaltillo.com\/index.php\/wp-json\/wp\/v2\/media\/20319"}],"wp:attachment":[{"href":"https:\/\/alertasaltillo.com\/index.php\/wp-json\/wp\/v2\/media?parent=20318"}],"wp:term":[{"taxonomy":"category","embeddable":true,"href":"https:\/\/alertasaltillo.com\/index.php\/wp-json\/wp\/v2\/categories?post=20318"},{"taxonomy":"post_tag","embeddable":true,"href":"https:\/\/alertasaltillo.com\/index.php\/wp-json\/wp\/v2\/tags?post=20318"}],"curies":[{"name":"wp","href":"https:\/\/api.w.org\/{rel}","templated":true}]}}