{"id":20272,"date":"2025-10-12T01:44:52","date_gmt":"2025-10-12T01:44:52","guid":{"rendered":"https:\/\/alertasaltillo.com\/?p=20272"},"modified":"2025-10-12T01:44:55","modified_gmt":"2025-10-12T01:44:55","slug":"instala-manolo-jimenez-el-consejo-local-benefactor-del-crit-coahuila","status":"publish","type":"post","link":"https:\/\/alertasaltillo.com\/index.php\/2025\/10\/12\/instala-manolo-jimenez-el-consejo-local-benefactor-del-crit-coahuila\/","title":{"rendered":"INSTALA MANOLO JIM\u00c9NEZ EL CONSEJO LOCAL BENEFACTOR DEL CRIT COAHUILA"},"content":{"rendered":"\n<p><\/p>\n\n\n\n<p>&nbsp;&nbsp;&nbsp;&nbsp;<em>Gobierno, sociedad civil y sector privado unen esfuerzos para fortalecer la atenci\u00f3n a ni\u00f1as, ni\u00f1os y familias coahuilenses<\/em><\/p>\n\n\n\n<p>Saltillo, Coahuila de Zaragoza; a 08 de octubre de 2025.-El gobernador Manolo Jim\u00e9nez Salinas encabez\u00f3 la instalaci\u00f3n del Consejo Local Benefactor del CRIT Coahuila, \u00f3rgano integrado por personalidades de la sociedad civil y del sector empresarial, cuyo prop\u00f3sito es fortalecer el trabajo del Centro de Rehabilitaci\u00f3n e Inclusi\u00f3n Infantil Telet\u00f3n y garantizar su sostenibilidad a favor de ni\u00f1as, ni\u00f1os y familias coahuilenses.<\/p>\n\n\n\n<p>\u00abJunto con mi esposa Paola visitamos el CRIT Coahuila, donde adem\u00e1s de saludar a muchas familias beneficiadas por esta gran instituci\u00f3n, le tomamos protesta al nuevo consejo ciudadano integrado por saltillenses de excelencia, que sin duda ser\u00e1n un gran apoyo para fortalecer y crecer los servicios para las ni\u00f1as, ni\u00f1os y adolescentes con discapacidad. Cuentan siempre con nosotros. Sigamos trabajando en equipo por estas nobles causas\u00bb, destac\u00f3 el gobernador.<\/p>\n\n\n\n<p>Acompa\u00f1ado tambi\u00e9n por Liliana Salinas Vald\u00e9s, presidenta del DIF Estatal; el alcalde de Saltillo, Javier D\u00edaz Gonz\u00e1lez y su esposa Luly L\u00f3pez, as\u00ed como directivos y colaboradores del Telet\u00f3n, el mandatario estatal reconoci\u00f3 la gran labor que esta instituci\u00f3n realiza desde hace 22 a\u00f1os en beneficio de miles de familias, brindando rehabilitaci\u00f3n, inclusi\u00f3n y esperanza a la ni\u00f1ez coahuilense.<\/p>\n\n\n\n<p>Puntualiz\u00f3 que el Telet\u00f3n es una instituci\u00f3n ejemplar que transmite una vibra positiva y un enorme amor. Durante m\u00e1s de dos d\u00e9cadas ha transformado vidas, y durante la pandemia, adem\u00e1s, fue un pilar fundamental para la comunidad.<\/p>\n\n\n\n<p>El gobernador record\u00f3 que, durante su gesti\u00f3n como alcalde de Saltillo, el CRIT Coahuila fue reconvertido temporalmente en un centro de recuperaci\u00f3n para pacientes post-COVID, el cual lleg\u00f3 a operar al 100 por ciento de su capacidad y permiti\u00f3 liberar camas de terapia intensiva en hospitales.<\/p>\n\n\n\n<p>Jim\u00e9nez Salinas destac\u00f3 que la conformaci\u00f3n del Consejo Local Benefactor representa una nueva etapa de colaboraci\u00f3n entre el gobierno estatal, la sociedad civil organizada y el sector empresarial, sumando voluntades para fortalecer las instalaciones, servicios y programas del CRIT.<\/p>\n\n\n\n<p>El mandatario reiter\u00f3 su compromiso de seguir impulsando programas sociales y de salud a trav\u00e9s del DIF e Inspira Coahuila, trabajando de la mano con el CRIT para ampliar su alcance y seguir transformando vidas.<\/p>\n\n\n\n<p>Destac\u00f3 que la f\u00f3rmula m\u00e1gica para lograr grandes resultados es el trabajo en equipo. \u00abEn Coahuila hemos aprendido a cerrar filas ante los retos y a sumar esfuerzos entre ciudadanos, iniciativa privada y gobierno. Por eso hoy nuestro estado es uno de los mejores lugares para vivir en M\u00e9xico\u00bb, destac\u00f3.<\/p>\n\n\n\n<p>Jim\u00e9nez Salinas felicit\u00f3 al director del CRIT Coahuila, Herminio Rodr\u00edguez Torres, por esta iniciativa y reiter\u00f3 el respaldo total del Gobierno del Estado para fortalecer las acciones de atenci\u00f3n y rehabilitaci\u00f3n en beneficio de la ni\u00f1ez y juventud coahuilense.<\/p>\n\n\n\n<p>Con la instalaci\u00f3n del Consejo Local Benefactor, el CRIT Coahuila reafirma su compromiso de trabajar con responsabilidad, empat\u00eda y profesionalismo, sumando aliados estrat\u00e9gicos para seguir siendo un referente nacional en inclusi\u00f3n y rehabilitaci\u00f3n infantil.<\/p>\n\n\n\n<p>En su intervenci\u00f3n, Herminio Rodr\u00edguez record\u00f3 la reconversi\u00f3n del CRIT durante la pandemia, cuando se transform\u00f3 en una sala de recuperaci\u00f3n que oper\u00f3 por 10 meses y salv\u00f3 muchas vidas, donde se sinti\u00f3 el \u201camor que envuelven las ni\u00f1as, ni\u00f1os y familias\u201d que han pasado por el centro.<\/p>\n\n\n\n<p>Subray\u00f3 que el Consejo Local Benefactor nace para sumar talento, generosidad y liderazgo de personas comprometidas con Saltillo y con la causa del Telet\u00f3n; adem\u00e1s de dar a conocer los objetivos a seguir como hacer todo desde el amor.<\/p>\n\n\n\n<p>Por su parte el alcalde de Saltillo, Javier D\u00edaz,&nbsp;&nbsp;agradeci\u00f3 al gobernador Manolo Jim\u00e9nez Salinas su constante respaldo al CRIT y a las causas sociales, reiterando que la mejor pol\u00edtica p\u00fablica es la que une gobierno y sociedad civil.<\/p>\n\n\n\n<p>Reconoci\u00f3 a Herminio Rodr\u00edguez y a todo el equipo del CRIT por su compromiso permanente con la atenci\u00f3n a miles de ni\u00f1as y ni\u00f1os de Saltillo, de Coahuila y de otros estados.<\/p>\n\n\n\n<p>Se\u00f1al\u00f3 que m\u00e1s de 10 mil ni\u00f1as y ni\u00f1os han sido atendidos en el CRIT, transformando vidas y fortaleciendo familias; adem\u00e1s de destacar a las y los nuevos integrantes del Consejo Local Benefactor, por su vocaci\u00f3n de servicio y compromiso social.<\/p>\n\n\n\n<p>Subray\u00f3 el orgullo de vivir en una ciudad que se distingue por su seguridad, competitividad y calidad de vida, siendo la capital m\u00e1s segura y competitiva del pa\u00eds.<\/p>\n\n\n\n<p>Conforman este consejo, Juan Carlos Saade Talam\u00e1s, Joaqu\u00edn Arizpe Sada, Miriam Arizpe Ortega, Ver\u00f3nica Garza de Morales, Enrique Garza Cant\u00fa, Pedro Gonz\u00e1lez Garc\u00eda, Michele Valenzuela de Garza, Miguel Pepi Vald\u00e9s, Patricia Rodr\u00edguez Garza, Isidoro Garc\u00eda Reyes y David Villarreal Berlanga.<\/p>\n","protected":false},"excerpt":{"rendered":"<p>&nbsp;&nbsp;&nbsp;&nbsp;Gobierno, sociedad civil y sector privado unen esfuerzos para fortalecer la atenci\u00f3n a ni\u00f1as, ni\u00f1os y familias coahuilenses Saltillo, Coahuila de Zaragoza; a 08 de octubre de 2025.-El gobernador Manolo Jim\u00e9nez Salinas encabez\u00f3 la instalaci\u00f3n del Consejo Local Benefactor del CRIT Coahuila, \u00f3rgano integrado por personalidades de la sociedad civil y del sector empresarial, cuyo [&hellip;]<\/p>\n","protected":false},"author":4,"featured_media":20273,"comment_status":"open","ping_status":"open","sticky":false,"template":"","format":"standard","meta":[],"categories":[4],"tags":[],"_links":{"self":[{"href":"https:\/\/alertasaltillo.com\/index.php\/wp-json\/wp\/v2\/posts\/20272"}],"collection":[{"href":"https:\/\/alertasaltillo.com\/index.php\/wp-json\/wp\/v2\/posts"}],"about":[{"href":"https:\/\/alertasaltillo.com\/index.php\/wp-json\/wp\/v2\/types\/post"}],"author":[{"embeddable":true,"href":"https:\/\/alertasaltillo.com\/index.php\/wp-json\/wp\/v2\/users\/4"}],"replies":[{"embeddable":true,"href":"https:\/\/alertasaltillo.com\/index.php\/wp-json\/wp\/v2\/comments?post=20272"}],"version-history":[{"count":1,"href":"https:\/\/alertasaltillo.com\/index.php\/wp-json\/wp\/v2\/posts\/20272\/revisions"}],"predecessor-version":[{"id":20274,"href":"https:\/\/alertasaltillo.com\/index.php\/wp-json\/wp\/v2\/posts\/20272\/revisions\/20274"}],"wp:featuredmedia":[{"embeddable":true,"href":"https:\/\/alertasaltillo.com\/index.php\/wp-json\/wp\/v2\/media\/20273"}],"wp:attachment":[{"href":"https:\/\/alertasaltillo.com\/index.php\/wp-json\/wp\/v2\/media?parent=20272"}],"wp:term":[{"taxonomy":"category","embeddable":true,"href":"https:\/\/alertasaltillo.com\/index.php\/wp-json\/wp\/v2\/categories?post=20272"},{"taxonomy":"post_tag","embeddable":true,"href":"https:\/\/alertasaltillo.com\/index.php\/wp-json\/wp\/v2\/tags?post=20272"}],"curies":[{"name":"wp","href":"https:\/\/api.w.org\/{rel}","templated":true}]}}