{"id":20237,"date":"2025-10-08T03:28:50","date_gmt":"2025-10-08T03:28:50","guid":{"rendered":"https:\/\/alertasaltillo.com\/?p=20237"},"modified":"2025-10-08T03:28:52","modified_gmt":"2025-10-08T03:28:52","slug":"balacera-en-tamaulipas-deja-6-muertos-militares-involucrados-son-relevados","status":"publish","type":"post","link":"https:\/\/alertasaltillo.com\/index.php\/2025\/10\/08\/balacera-en-tamaulipas-deja-6-muertos-militares-involucrados-son-relevados\/","title":{"rendered":"BALACERA EN TAMAULIPAS DEJA 6 MUERTOS; MILITARES INVOLUCRADOS SON RELEVADOS"},"content":{"rendered":"\n<p>La FGR y la Fiscal\u00eda General de Justicia Militar iniciaron las carpetas de investigaci\u00f3n correspondientes con el fin de esclarecer los hechos<\/p>\n\n\n\n<p><strong>Estaci\u00f3n Manuel Tamaulipas.<\/strong>\u00a0\u2013 La\u00a0<strong>Secretar\u00eda de la Defensa Nacional (SEDENA)<\/strong>, a trav\u00e9s de las Comandancias de la\u00a0<strong>IV Regi\u00f3n Militar<\/strong>\u00a0y de la\u00a0<strong>48\/a Zona Militar<\/strong>, inform\u00f3 que aproximadamente a las\u00a0<strong>20:00 horas del 6 de octubre<\/strong>, sobre la\u00a0<strong>carretera Ciudad Mante\u2013Tampico<\/strong>, a la altura del\u00a0<strong>kil\u00f3metro 71<\/strong>, se registr\u00f3 un incidente que dej\u00f3 un saldo de\u00a0<strong>seis personas fallecidas y dos heridas<\/strong>.<\/p>\n\n\n\n<p>De acuerdo con el&nbsp;<strong>comunicado oficial<\/strong>, personal militar que se desplazaba en un&nbsp;<strong>convoy de tres veh\u00edculos<\/strong>&nbsp;report\u00f3 que una&nbsp;<strong>camioneta blanca<\/strong>&nbsp;intent\u00f3 embestir uno de sus veh\u00edculos. Ante la amenaza a su integridad f\u00edsica, los soldados realizaron&nbsp;<strong>maniobras de defensa<\/strong>&nbsp;y utilizaron&nbsp;<strong>armamento de fuego<\/strong>.<\/p>\n\n\n\n<p>Los heridos fueron\u00a0<strong>atendidos de inmediato<\/strong>\u00a0y trasladados al\u00a0<strong>Hospital General \u201cDr. Carlos Canseco\u201d<\/strong>\u00a0en Tampico, donde uno de ellos perdi\u00f3 la vida durante el traslado. Cinco personas fallecieron en el sitio y uno m\u00e1s en camino al hospital.<\/p>\n\n\n\n<p>Los hechos fueron notificados a la\u00a0<strong>Fiscal\u00eda General de la Rep\u00fablica<\/strong>, que abri\u00f3 una\u00a0<strong>carpeta de investigaci\u00f3n<\/strong>\u00a0para determinar responsabilidades, as\u00ed como a la\u00a0<strong>Fiscal\u00eda General de Justicia Militar<\/strong>, que inici\u00f3 las diligencias correspondientes en el \u00e1mbito militar. El\u00a0<strong>personal involucrado<\/strong>\u00a0fue\u00a0<strong>relevado de sus funciones<\/strong>\u00a0y presentado ante las autoridades en Tampico.<\/p>\n\n\n\n<p>Con Informaci\u00f3n tomada de OVACIONES<\/p>\n","protected":false},"excerpt":{"rendered":"<p>La FGR y la Fiscal\u00eda General de Justicia Militar iniciaron las carpetas de investigaci\u00f3n correspondientes con el fin de esclarecer los hechos Estaci\u00f3n Manuel Tamaulipas.\u00a0\u2013 La\u00a0Secretar\u00eda de la Defensa Nacional (SEDENA), a trav\u00e9s de las Comandancias de la\u00a0IV Regi\u00f3n Militar\u00a0y de la\u00a048\/a Zona Militar, inform\u00f3 que aproximadamente a las\u00a020:00 horas del 6 de octubre, sobre [&hellip;]<\/p>\n","protected":false},"author":4,"featured_media":20238,"comment_status":"open","ping_status":"open","sticky":false,"template":"","format":"standard","meta":[],"categories":[185],"tags":[],"_links":{"self":[{"href":"https:\/\/alertasaltillo.com\/index.php\/wp-json\/wp\/v2\/posts\/20237"}],"collection":[{"href":"https:\/\/alertasaltillo.com\/index.php\/wp-json\/wp\/v2\/posts"}],"about":[{"href":"https:\/\/alertasaltillo.com\/index.php\/wp-json\/wp\/v2\/types\/post"}],"author":[{"embeddable":true,"href":"https:\/\/alertasaltillo.com\/index.php\/wp-json\/wp\/v2\/users\/4"}],"replies":[{"embeddable":true,"href":"https:\/\/alertasaltillo.com\/index.php\/wp-json\/wp\/v2\/comments?post=20237"}],"version-history":[{"count":1,"href":"https:\/\/alertasaltillo.com\/index.php\/wp-json\/wp\/v2\/posts\/20237\/revisions"}],"predecessor-version":[{"id":20239,"href":"https:\/\/alertasaltillo.com\/index.php\/wp-json\/wp\/v2\/posts\/20237\/revisions\/20239"}],"wp:featuredmedia":[{"embeddable":true,"href":"https:\/\/alertasaltillo.com\/index.php\/wp-json\/wp\/v2\/media\/20238"}],"wp:attachment":[{"href":"https:\/\/alertasaltillo.com\/index.php\/wp-json\/wp\/v2\/media?parent=20237"}],"wp:term":[{"taxonomy":"category","embeddable":true,"href":"https:\/\/alertasaltillo.com\/index.php\/wp-json\/wp\/v2\/categories?post=20237"},{"taxonomy":"post_tag","embeddable":true,"href":"https:\/\/alertasaltillo.com\/index.php\/wp-json\/wp\/v2\/tags?post=20237"}],"curies":[{"name":"wp","href":"https:\/\/api.w.org\/{rel}","templated":true}]}}