{"id":20221,"date":"2025-10-08T03:11:27","date_gmt":"2025-10-08T03:11:27","guid":{"rendered":"https:\/\/alertasaltillo.com\/?p=20221"},"modified":"2025-10-08T03:11:38","modified_gmt":"2025-10-08T03:11:38","slug":"ya-es-oficial-el-papa-leon-xiv-visitara-libano-y-turquia-en-su-primer-viaje-internacional","status":"publish","type":"post","link":"https:\/\/alertasaltillo.com\/index.php\/2025\/10\/08\/ya-es-oficial-el-papa-leon-xiv-visitara-libano-y-turquia-en-su-primer-viaje-internacional\/","title":{"rendered":"YA ES OFICIAL, EL PAPA LE\u00d3N XIV VISITAR\u00c1 L\u00cdBANO Y TURQU\u00cdA EN SU PRIMER VIAJE INTERNACIONAL"},"content":{"rendered":"\n<p><\/p>\n\n\n\n<p>Ciudad del Vaticano.- El&nbsp;primer viaje internacional del&nbsp;papa Le\u00f3n XIV&nbsp;ser\u00e1 a&nbsp;Turqu\u00eda&nbsp;y&nbsp;L\u00edbano&nbsp;del&nbsp;27 de noviembre al 2 de diciembre de 2025, inform\u00f3 en un comunicado este 7 de octubre la&nbsp;oficina de prensa del Vaticano.<\/p>\n\n\n\n<p>La primera etapa de este viaje comenzar\u00e1 con una<strong>&nbsp;<\/strong>peregrinaci\u00f3n a Iznik con motivo del mil 700 aniversario del Primer Concilio de Nicea, donde permanecer\u00e1 hasta el 30, y posteriormente se trasladar\u00e1 a L\u00edbano hasta el 2 de diciembre.<\/p>\n\n\n\n<p>Nicea, hoy la ciudad de Iznik, a unos 100 kil\u00f3metros al sureste de Estambul, acogi\u00f3 en el a\u00f1o 325 el primer concilio ecum\u00e9nico de la historia del cristianismo, convocado por el emperador Constantino I.<\/p>\n\n\n\n<p>Este viaje hab\u00eda estado programado por Francisco para mayo por invitaci\u00f3n del Patriarca Bartolom\u00e9 I, el l\u00edder espiritual de los cristianos ortodoxos del mundo, pero el pont\u00edfice argentino muri\u00f3 en abril a los 88 a\u00f1os.<\/p>\n\n\n\n<p>El viaje a L\u00edbano hab\u00eda sido otro de los sue\u00f1os de Francisco, pero siempre se aplaz\u00f3 por la situaci\u00f3n pol\u00edtica en el pa\u00eds.<\/p>\n\n\n\n<p>Con Informaci\u00f3n tomada de EL HERALDO DE SALTILLO<\/p>\n","protected":false},"excerpt":{"rendered":"<p>Ciudad del Vaticano.- El&nbsp;primer viaje internacional del&nbsp;papa Le\u00f3n XIV&nbsp;ser\u00e1 a&nbsp;Turqu\u00eda&nbsp;y&nbsp;L\u00edbano&nbsp;del&nbsp;27 de noviembre al 2 de diciembre de 2025, inform\u00f3 en un comunicado este 7 de octubre la&nbsp;oficina de prensa del Vaticano. La primera etapa de este viaje comenzar\u00e1 con una&nbsp;peregrinaci\u00f3n a Iznik con motivo del mil 700 aniversario del Primer Concilio de Nicea, donde permanecer\u00e1 [&hellip;]<\/p>\n","protected":false},"author":4,"featured_media":20222,"comment_status":"open","ping_status":"open","sticky":false,"template":"","format":"standard","meta":[],"categories":[186],"tags":[],"_links":{"self":[{"href":"https:\/\/alertasaltillo.com\/index.php\/wp-json\/wp\/v2\/posts\/20221"}],"collection":[{"href":"https:\/\/alertasaltillo.com\/index.php\/wp-json\/wp\/v2\/posts"}],"about":[{"href":"https:\/\/alertasaltillo.com\/index.php\/wp-json\/wp\/v2\/types\/post"}],"author":[{"embeddable":true,"href":"https:\/\/alertasaltillo.com\/index.php\/wp-json\/wp\/v2\/users\/4"}],"replies":[{"embeddable":true,"href":"https:\/\/alertasaltillo.com\/index.php\/wp-json\/wp\/v2\/comments?post=20221"}],"version-history":[{"count":1,"href":"https:\/\/alertasaltillo.com\/index.php\/wp-json\/wp\/v2\/posts\/20221\/revisions"}],"predecessor-version":[{"id":20223,"href":"https:\/\/alertasaltillo.com\/index.php\/wp-json\/wp\/v2\/posts\/20221\/revisions\/20223"}],"wp:featuredmedia":[{"embeddable":true,"href":"https:\/\/alertasaltillo.com\/index.php\/wp-json\/wp\/v2\/media\/20222"}],"wp:attachment":[{"href":"https:\/\/alertasaltillo.com\/index.php\/wp-json\/wp\/v2\/media?parent=20221"}],"wp:term":[{"taxonomy":"category","embeddable":true,"href":"https:\/\/alertasaltillo.com\/index.php\/wp-json\/wp\/v2\/categories?post=20221"},{"taxonomy":"post_tag","embeddable":true,"href":"https:\/\/alertasaltillo.com\/index.php\/wp-json\/wp\/v2\/tags?post=20221"}],"curies":[{"name":"wp","href":"https:\/\/api.w.org\/{rel}","templated":true}]}}