{"id":20185,"date":"2025-10-05T15:26:48","date_gmt":"2025-10-05T15:26:48","guid":{"rendered":"https:\/\/alertasaltillo.com\/?p=20185"},"modified":"2025-10-05T15:26:51","modified_gmt":"2025-10-05T15:26:51","slug":"padre-amenaza-con-matar-al-asesino-de-su-hijo-luego-de-que-saliera-libre-por-buen-comportamiento-lo-matare-donde-este","status":"publish","type":"post","link":"https:\/\/alertasaltillo.com\/index.php\/2025\/10\/05\/padre-amenaza-con-matar-al-asesino-de-su-hijo-luego-de-que-saliera-libre-por-buen-comportamiento-lo-matare-donde-este\/","title":{"rendered":"PADRE AMENAZA CON MATAR AL ASESINO DE SU HIJO, LUEGO DE QUE SALIERA LIBRE POR BUEN COMPORTAMIENTO: \u00abLO MATARE DONDE ESTE\u00bb"},"content":{"rendered":"\n<p>Un hombre ingres\u00f3 a su hogar para matar a su hijo; sin embargo no recibir\u00e1 ning\u00fan castigo por padecer demencia<\/p>\n\n\n\n<p><strong>Ronald Exantus<\/strong>, de 42 a\u00f1os, sali\u00f3 de prisi\u00f3n esta semana y qued\u00f3 en libertad condicional tras cumplir parte de la pena impuesta por la muerte de un ni\u00f1o de seis a\u00f1os en&nbsp;<strong>Versailles, Kentucky<\/strong>, en 2015, un caso que conmocion\u00f3 a los Estados Unidos hace m\u00e1s de 10 a\u00f1os por el hecho sucedido.<\/p>\n\n\n\n<p><strong>Ronald Exantus<\/strong>&nbsp;hab\u00eda sido condenado a 20 a\u00f1os pero ahora permanecer\u00e1 bajo supervisi\u00f3n obligatoria de reingreso hasta el 26 de junio del pr\u00f3ximo a\u00f1o, seg\u00fan registros penitenciarios consultados, lo que ha generado indignaci\u00f3n en la comunidad internacional ya que fue el asesino de un menor de edad.<\/p>\n\n\n\n<p>El caso ocurri\u00f3 en diciembre de 2015, cuando\u00a0<strong>Exantus\u00a0<\/strong>irrumpi\u00f3 en la vivienda de la familia\u00a0<strong>Tipton<\/strong>, durante el ataque, el menor\u00a0<strong>Logan Tipton<\/strong>\u00a0fue apu\u00f1alado hasta perder la vida; el agresor tambi\u00e9n atac\u00f3 al padre y a las hermanas del ni\u00f1o, aunque inicialmente enfrent\u00f3 cargos por asesinato, la corte determin\u00f3 que Exantus no era penalmente responsable.<\/p>\n\n\n\n<p>Con Informaci\u00f3n tomada de EL HERALDO DE M\u00c9XICO<\/p>\n","protected":false},"excerpt":{"rendered":"<p>Un hombre ingres\u00f3 a su hogar para matar a su hijo; sin embargo no recibir\u00e1 ning\u00fan castigo por padecer demencia Ronald Exantus, de 42 a\u00f1os, sali\u00f3 de prisi\u00f3n esta semana y qued\u00f3 en libertad condicional tras cumplir parte de la pena impuesta por la muerte de un ni\u00f1o de seis a\u00f1os en&nbsp;Versailles, Kentucky, en 2015, [&hellip;]<\/p>\n","protected":false},"author":4,"featured_media":20186,"comment_status":"open","ping_status":"open","sticky":false,"template":"","format":"standard","meta":[],"categories":[186],"tags":[],"_links":{"self":[{"href":"https:\/\/alertasaltillo.com\/index.php\/wp-json\/wp\/v2\/posts\/20185"}],"collection":[{"href":"https:\/\/alertasaltillo.com\/index.php\/wp-json\/wp\/v2\/posts"}],"about":[{"href":"https:\/\/alertasaltillo.com\/index.php\/wp-json\/wp\/v2\/types\/post"}],"author":[{"embeddable":true,"href":"https:\/\/alertasaltillo.com\/index.php\/wp-json\/wp\/v2\/users\/4"}],"replies":[{"embeddable":true,"href":"https:\/\/alertasaltillo.com\/index.php\/wp-json\/wp\/v2\/comments?post=20185"}],"version-history":[{"count":1,"href":"https:\/\/alertasaltillo.com\/index.php\/wp-json\/wp\/v2\/posts\/20185\/revisions"}],"predecessor-version":[{"id":20187,"href":"https:\/\/alertasaltillo.com\/index.php\/wp-json\/wp\/v2\/posts\/20185\/revisions\/20187"}],"wp:featuredmedia":[{"embeddable":true,"href":"https:\/\/alertasaltillo.com\/index.php\/wp-json\/wp\/v2\/media\/20186"}],"wp:attachment":[{"href":"https:\/\/alertasaltillo.com\/index.php\/wp-json\/wp\/v2\/media?parent=20185"}],"wp:term":[{"taxonomy":"category","embeddable":true,"href":"https:\/\/alertasaltillo.com\/index.php\/wp-json\/wp\/v2\/categories?post=20185"},{"taxonomy":"post_tag","embeddable":true,"href":"https:\/\/alertasaltillo.com\/index.php\/wp-json\/wp\/v2\/tags?post=20185"}],"curies":[{"name":"wp","href":"https:\/\/api.w.org\/{rel}","templated":true}]}}