{"id":20170,"date":"2025-10-05T15:06:31","date_gmt":"2025-10-05T15:06:31","guid":{"rendered":"https:\/\/alertasaltillo.com\/?p=20170"},"modified":"2025-10-05T15:06:34","modified_gmt":"2025-10-05T15:06:34","slug":"sujetos-disparan-contra-elementos-de-la-policia-estatal-en-gomez-palacio","status":"publish","type":"post","link":"https:\/\/alertasaltillo.com\/index.php\/2025\/10\/05\/sujetos-disparan-contra-elementos-de-la-policia-estatal-en-gomez-palacio\/","title":{"rendered":"SUJETOS DISPARAN CONTRA ELEMENTOS DE LA POLIC\u00cdA ESTATAL EN G\u00d3MEZ PALACIO"},"content":{"rendered":"\n<p>Tras la agresi\u00f3n, los atacantes abordaron nuevamente la unidad y escaparon con rumbo desconocido<\/p>\n\n\n\n<p><strong>G\u00f3mez Palacio, Durango.<\/strong>&#8211; Minutos despu\u00e9s de las 15:00 horas de este s\u00e1bado 4 de octubre de 2025, dos sujetos armados dispararon contra elementos de la\u00a0<strong><a href=\"https:\/\/oem.com.mx\/elsoldelalaguna\/policiaca\/por-homicidio-de-chechito-uriel-pasara-17-anos-y-6-meses-en-la-carcel-25954186\" target=\"_blank\" rel=\"noreferrer noopener\">Polic\u00eda Estatal de Durango<\/a><\/strong>\u00a0en un filtro de revisi\u00f3n ubicado en el\u00a0<strong>Parque Industrial\u00a0<\/strong>de esta ciudad, en un acto que activ\u00f3 un operativo de seguridad de grandes proporciones en la regi\u00f3n metropolitana.<\/p>\n\n\n\n<p><strong>Hombres armados<\/strong>\u00a0que variaban a bordo de un veh\u00edculo blanco, dispararon en contra de los polic\u00edas estatales que se ubican en el puesto de revisi\u00f3n ubicada sobre el\u00a0<strong>bulevar Ej\u00e9rcito Mexicano,<\/strong>\u00a0frente a una empresa de l\u00e1cteos. Los hechos ocurrieron cerca de las 14:00 horas de este s\u00e1bado. Se inform\u00f3 que ninguno de los polic\u00edas result\u00f3 lesionado, como se hab\u00eda reportado desde un principio, incluso se rumor\u00f3 que un oficial de la\u00a0<strong>Polic\u00eda Estatal<\/strong>\u00a0hab\u00eda fallecido por disparos por arma de fuego.<\/p>\n\n\n\n<p>Se abri\u00f3 la carpeta de investigaci\u00f3n por parte de la gente del\u00a0<strong>Ministerio P\u00fablico,<\/strong>\u00a0para esclarecer los hechos y buscar a los presuntos responsables.<\/p>\n\n\n\n<p>Con Informaci\u00f3n tomada de EL SOL DE LA LAGUNA<\/p>\n\n\n\n<p><\/p>\n","protected":false},"excerpt":{"rendered":"<p>Tras la agresi\u00f3n, los atacantes abordaron nuevamente la unidad y escaparon con rumbo desconocido G\u00f3mez Palacio, Durango.&#8211; Minutos despu\u00e9s de las 15:00 horas de este s\u00e1bado 4 de octubre de 2025, dos sujetos armados dispararon contra elementos de la\u00a0Polic\u00eda Estatal de Durango\u00a0en un filtro de revisi\u00f3n ubicado en el\u00a0Parque Industrial\u00a0de esta ciudad, en un acto [&hellip;]<\/p>\n","protected":false},"author":4,"featured_media":20171,"comment_status":"open","ping_status":"open","sticky":false,"template":"","format":"standard","meta":[],"categories":[185],"tags":[],"_links":{"self":[{"href":"https:\/\/alertasaltillo.com\/index.php\/wp-json\/wp\/v2\/posts\/20170"}],"collection":[{"href":"https:\/\/alertasaltillo.com\/index.php\/wp-json\/wp\/v2\/posts"}],"about":[{"href":"https:\/\/alertasaltillo.com\/index.php\/wp-json\/wp\/v2\/types\/post"}],"author":[{"embeddable":true,"href":"https:\/\/alertasaltillo.com\/index.php\/wp-json\/wp\/v2\/users\/4"}],"replies":[{"embeddable":true,"href":"https:\/\/alertasaltillo.com\/index.php\/wp-json\/wp\/v2\/comments?post=20170"}],"version-history":[{"count":1,"href":"https:\/\/alertasaltillo.com\/index.php\/wp-json\/wp\/v2\/posts\/20170\/revisions"}],"predecessor-version":[{"id":20172,"href":"https:\/\/alertasaltillo.com\/index.php\/wp-json\/wp\/v2\/posts\/20170\/revisions\/20172"}],"wp:featuredmedia":[{"embeddable":true,"href":"https:\/\/alertasaltillo.com\/index.php\/wp-json\/wp\/v2\/media\/20171"}],"wp:attachment":[{"href":"https:\/\/alertasaltillo.com\/index.php\/wp-json\/wp\/v2\/media?parent=20170"}],"wp:term":[{"taxonomy":"category","embeddable":true,"href":"https:\/\/alertasaltillo.com\/index.php\/wp-json\/wp\/v2\/categories?post=20170"},{"taxonomy":"post_tag","embeddable":true,"href":"https:\/\/alertasaltillo.com\/index.php\/wp-json\/wp\/v2\/tags?post=20170"}],"curies":[{"name":"wp","href":"https:\/\/api.w.org\/{rel}","templated":true}]}}