{"id":20164,"date":"2025-10-05T14:59:01","date_gmt":"2025-10-05T14:59:01","guid":{"rendered":"https:\/\/alertasaltillo.com\/?p=20164"},"modified":"2025-10-05T14:59:04","modified_gmt":"2025-10-05T14:59:04","slug":"omar-bravo-es-detenido-en-guadalajara-por-presunto-abuso-sexual-contra-menor","status":"publish","type":"post","link":"https:\/\/alertasaltillo.com\/index.php\/2025\/10\/05\/omar-bravo-es-detenido-en-guadalajara-por-presunto-abuso-sexual-contra-menor\/","title":{"rendered":"OMAR BRAVO ES DETENIDO EN GUADALAJARA POR PRESUNTO ABUSO SEXUAL CONTRA MENOR"},"content":{"rendered":"\n<h2>El m\u00e1ximo goleador en la historia de las Chivas se encuentra bajo una investigaci\u00f3n de la Fiscal\u00eda del Estado de Jalisco<\/h2>\n\n\n\n<p>El exfutbolista&nbsp;<strong>Omar Bravo<\/strong>&nbsp;fue detenido en<strong>&nbsp;Guadalajara<\/strong>, durante la tarde de este s\u00e1bado 4 de octubre.<\/p>\n\n\n\n<p>El m\u00e1ximo goleador en la historia de las<a href=\"https:\/\/www.eluniversal.com.mx\/deportes\/chivas-con-la-obligacion-de-ganarle-a-pumas-un-triunfo-rojiblanco-es-necesario-para-afianzar-su-lugar-en-play-in\/\" target=\"_blank\" rel=\"noreferrer noopener\">Chivas<\/a>&nbsp;se encuentra bajo una investigaci\u00f3n de la&nbsp;<strong>Fiscal\u00eda del Estado de Jalisco<\/strong>&nbsp;por presunto abuso sexual contra menor de edad.<\/p>\n\n\n\n<p>El mundialista con la<strong>\u00a0Selecci\u00f3n Mexicana<\/strong>\u00a0en<strong>\u00a0Alemania 2006<\/strong>\u00a0fue aprendido en un operativo, luego de que se presentara una denuncia en su contra.<\/p>\n\n\n\n<p>La&nbsp;<strong>Fiscal\u00eda del Estado de Jalisco&nbsp;<\/strong>integr\u00f3 una carpeta de investigaci\u00f3n y gir\u00f3 una orden de aprensi\u00f3n en contra del canterano rojiblanco.<\/p>\n\n\n\n<p>\u201cPor su presunta responsabilidad en el delito de abuso sexual infantil agravado, elementos de la polic\u00eda de investigaci\u00f3n adscritos a la Vicefiscal\u00eda en Investigaci\u00f3n Especializada en Atenci\u00f3n a Mujeres, Ni\u00f1as, Ni\u00f1os y Adolescentes, Raz\u00f3n de G\u00e9nero y Familia\u201d, se puede leer en el bolet\u00edn informativo.<\/p>\n\n\n\n<p>De acuerdo con el comunicado,\u00a0<strong>Omar Bravo\u00a0<\/strong>ser\u00e1 \u201cpuesto a disposici\u00f3n del Juzgado\u201d durante las pr\u00f3ximas horas.<\/p>\n\n\n\n<p>Con Informaci\u00f3n tomada de EL UNIVERSAL<\/p>\n\n\n\n<p><\/p>\n","protected":false},"excerpt":{"rendered":"<p>El m\u00e1ximo goleador en la historia de las Chivas se encuentra bajo una investigaci\u00f3n de la Fiscal\u00eda del Estado de Jalisco El exfutbolista&nbsp;Omar Bravo&nbsp;fue detenido en&nbsp;Guadalajara, durante la tarde de este s\u00e1bado 4 de octubre. El m\u00e1ximo goleador en la historia de lasChivas&nbsp;se encuentra bajo una investigaci\u00f3n de la&nbsp;Fiscal\u00eda del Estado de Jalisco&nbsp;por presunto abuso [&hellip;]<\/p>\n","protected":false},"author":4,"featured_media":20165,"comment_status":"open","ping_status":"open","sticky":false,"template":"","format":"standard","meta":[],"categories":[185],"tags":[],"_links":{"self":[{"href":"https:\/\/alertasaltillo.com\/index.php\/wp-json\/wp\/v2\/posts\/20164"}],"collection":[{"href":"https:\/\/alertasaltillo.com\/index.php\/wp-json\/wp\/v2\/posts"}],"about":[{"href":"https:\/\/alertasaltillo.com\/index.php\/wp-json\/wp\/v2\/types\/post"}],"author":[{"embeddable":true,"href":"https:\/\/alertasaltillo.com\/index.php\/wp-json\/wp\/v2\/users\/4"}],"replies":[{"embeddable":true,"href":"https:\/\/alertasaltillo.com\/index.php\/wp-json\/wp\/v2\/comments?post=20164"}],"version-history":[{"count":1,"href":"https:\/\/alertasaltillo.com\/index.php\/wp-json\/wp\/v2\/posts\/20164\/revisions"}],"predecessor-version":[{"id":20166,"href":"https:\/\/alertasaltillo.com\/index.php\/wp-json\/wp\/v2\/posts\/20164\/revisions\/20166"}],"wp:featuredmedia":[{"embeddable":true,"href":"https:\/\/alertasaltillo.com\/index.php\/wp-json\/wp\/v2\/media\/20165"}],"wp:attachment":[{"href":"https:\/\/alertasaltillo.com\/index.php\/wp-json\/wp\/v2\/media?parent=20164"}],"wp:term":[{"taxonomy":"category","embeddable":true,"href":"https:\/\/alertasaltillo.com\/index.php\/wp-json\/wp\/v2\/categories?post=20164"},{"taxonomy":"post_tag","embeddable":true,"href":"https:\/\/alertasaltillo.com\/index.php\/wp-json\/wp\/v2\/tags?post=20164"}],"curies":[{"name":"wp","href":"https:\/\/api.w.org\/{rel}","templated":true}]}}