{"id":20125,"date":"2025-10-04T14:29:19","date_gmt":"2025-10-04T14:29:19","guid":{"rendered":"https:\/\/alertasaltillo.com\/?p=20125"},"modified":"2025-10-04T14:29:21","modified_gmt":"2025-10-04T14:29:21","slug":"invitan-a-la-juventud-coahuilense-a-la-pasarela-de-catrinas-y-catrines-recordar-de-gigantes-2025","status":"publish","type":"post","link":"https:\/\/alertasaltillo.com\/index.php\/2025\/10\/04\/invitan-a-la-juventud-coahuilense-a-la-pasarela-de-catrinas-y-catrines-recordar-de-gigantes-2025\/","title":{"rendered":"INVITAN A LA JUVENTUD COAHUILENSE A LA PASARELA DE CATRINAS Y CATRINES \u00abRECORDAR DE GIGANTES 2025\u00bb"},"content":{"rendered":"\n<p>&nbsp;&nbsp;<em>En rueda de prensa, la SIDS y el ICOJUVE convocaron a la juventud a la Pasarela de Catrinas y Catrines \u201cRecordar es de Gigantes 2025\u201d, una celebraci\u00f3n de tradici\u00f3n y talento que se realizar\u00e1 el 5 de noviembre.<\/em><\/p>\n\n\n\n<p>Saltillo, Coahuila de Zaragoza 03 de octubre de 2025. \u2013 El Gobierno del Estado de Coahuila, a trav\u00e9s de la Secretar\u00eda de Inclusi\u00f3n y Desarrollo Social (SIDS) y el Instituto Coahuilense de la Juventud (ICOJUVE), convoca a las adolescencias y juventudes a formar parte de la segunda edici\u00f3n de la Pasarela de Catrinas y Catrines \u201cRecordar es de Gigantes 2025\u201d, una celebraci\u00f3n que honra nuestras tradiciones y reconoce el talento creativo de la juventud.<\/p>\n\n\n\n<p>La pasarela ser\u00e1 el pr\u00f3ximo mi\u00e9rcoles 5 de noviembre a las 6:00 p.m. en La Madriguera, un espacio que se llenar\u00e1 de color, m\u00fasica y alegr\u00eda, con la magia de la emblem\u00e1tica figura de la Catrina y el Catr\u00edn, s\u00edmbolos que nos conectan con nuestras ra\u00edces y con la grandeza cultural de M\u00e9xico.<\/p>\n\n\n\n<p>En rueda de prensa, el secretario de la SIDS, Enrique Mart\u00ednez y Morales, se\u00f1al\u00f3 que este concurso busca motivar a la juventud a expresar, a trav\u00e9s de vestuarios, maquillajes y representaciones, la riqueza de nuestra identidad y la magia del D\u00eda de Muertos, mostrando al mismo tiempo su talento, pasi\u00f3n y creatividad. Reconoci\u00f3 adem\u00e1s el esfuerzo del ICOJUVE para consolidar estas celebraciones en el estado, atendiendo la instrucci\u00f3n del gobernador Manolo Jim\u00e9nez.<\/p>\n\n\n\n<p>Para motivar su talento, se entregar\u00e1n atractivos premios en efectivo: $8,000 pesos para el primer lugar, $6,000 para el segundo, $4,000 para el tercero, y dos menciones honor\u00edficas de $2,000 cada una, reconocimientos que celebran no solo la participaci\u00f3n, sino la capacidad de transformar la tradici\u00f3n en arte.<\/p>\n\n\n\n<p>En representaci\u00f3n del alcalde Javier D\u00edaz Gonz\u00e1lez, la directora de Cultura de Saltillo, Lety Rodarte, transmiti\u00f3 su saludo y refrend\u00f3 el compromiso del municipio de trabajar de la mano con el Gobierno del Estado, para impulsar eventos culturales como este, que fortalecen nuestra identidad y mantienen viva la tradici\u00f3n del D\u00eda de Muertos.<\/p>\n\n\n\n<p>El titular del ICOJUVE, Iv\u00e1n Terashima, destac\u00f3 que el evento ofrecer\u00e1 tambi\u00e9n actividades complementarias para enriquecer la experiencia: degustaci\u00f3n de pan de muerto a cargo de la Universidad Vizcaya de las Am\u00e9ricas, m\u00fasica en vivo por los Centros de Estudios Musicales del Instituto Municipal de Cultura, y la presentaci\u00f3n del grupo de danza folcl\u00f3rica Bailarines de Coraz\u00f3n de La Madriguera.<\/p>\n\n\n\n<p>La calidad de la pasarela ser\u00e1 respaldada por un jurado profesional: Cynthia Fuentes Lerma, Directora General del Museo de las Catrinas; Atenea Cruz Escalante, Maestra en Artes Pl\u00e1sticas; Bertha Guti\u00e9rrez Merino, dise\u00f1adora; y Pedro S\u00e1nchez Vel\u00e1zquez, artista Drag Queen y Premio Estatal de la Juventud, quienes aportar\u00e1n su experiencia y visi\u00f3n art\u00edstica para reconocer lo mejor de esta edici\u00f3n.<\/p>\n\n\n\n<p>El registro para participar puede realizarse en La Madriguera, as\u00ed como a trav\u00e9s de las redes sociales y plataformas del ICOJUVE y la Secretar\u00eda de Inclusi\u00f3n y Desarrollo Social.<\/p>\n\n\n\n<p>La invitaci\u00f3n est\u00e1 abierta a las y los ni\u00f1os, juventudes y adolescencias de 12 a 29 a\u00f1os de edad, que deseen ser parte de una noche m\u00e1gica donde la tradici\u00f3n se viste de creatividad y orgullo. Porque en Coahuila, \u00a1recordar&nbsp;es&nbsp;de&nbsp;gigantes!<\/p>\n\n\n\n<p><\/p>\n","protected":false},"excerpt":{"rendered":"<p>&nbsp;&nbsp;En rueda de prensa, la SIDS y el ICOJUVE convocaron a la juventud a la Pasarela de Catrinas y Catrines \u201cRecordar es de Gigantes 2025\u201d, una celebraci\u00f3n de tradici\u00f3n y talento que se realizar\u00e1 el 5 de noviembre. Saltillo, Coahuila de Zaragoza 03 de octubre de 2025. \u2013 El Gobierno del Estado de Coahuila, a [&hellip;]<\/p>\n","protected":false},"author":4,"featured_media":20126,"comment_status":"open","ping_status":"open","sticky":false,"template":"","format":"standard","meta":[],"categories":[4],"tags":[],"_links":{"self":[{"href":"https:\/\/alertasaltillo.com\/index.php\/wp-json\/wp\/v2\/posts\/20125"}],"collection":[{"href":"https:\/\/alertasaltillo.com\/index.php\/wp-json\/wp\/v2\/posts"}],"about":[{"href":"https:\/\/alertasaltillo.com\/index.php\/wp-json\/wp\/v2\/types\/post"}],"author":[{"embeddable":true,"href":"https:\/\/alertasaltillo.com\/index.php\/wp-json\/wp\/v2\/users\/4"}],"replies":[{"embeddable":true,"href":"https:\/\/alertasaltillo.com\/index.php\/wp-json\/wp\/v2\/comments?post=20125"}],"version-history":[{"count":1,"href":"https:\/\/alertasaltillo.com\/index.php\/wp-json\/wp\/v2\/posts\/20125\/revisions"}],"predecessor-version":[{"id":20127,"href":"https:\/\/alertasaltillo.com\/index.php\/wp-json\/wp\/v2\/posts\/20125\/revisions\/20127"}],"wp:featuredmedia":[{"embeddable":true,"href":"https:\/\/alertasaltillo.com\/index.php\/wp-json\/wp\/v2\/media\/20126"}],"wp:attachment":[{"href":"https:\/\/alertasaltillo.com\/index.php\/wp-json\/wp\/v2\/media?parent=20125"}],"wp:term":[{"taxonomy":"category","embeddable":true,"href":"https:\/\/alertasaltillo.com\/index.php\/wp-json\/wp\/v2\/categories?post=20125"},{"taxonomy":"post_tag","embeddable":true,"href":"https:\/\/alertasaltillo.com\/index.php\/wp-json\/wp\/v2\/tags?post=20125"}],"curies":[{"name":"wp","href":"https:\/\/api.w.org\/{rel}","templated":true}]}}