{"id":20020,"date":"2025-09-28T23:39:39","date_gmt":"2025-09-28T23:39:39","guid":{"rendered":"https:\/\/alertasaltillo.com\/?p=20020"},"modified":"2025-09-28T23:39:41","modified_gmt":"2025-09-28T23:39:41","slug":"incendian-tres-vehiculos-de-transporte-publico-en-chilpancingo","status":"publish","type":"post","link":"https:\/\/alertasaltillo.com\/index.php\/2025\/09\/28\/incendian-tres-vehiculos-de-transporte-publico-en-chilpancingo\/","title":{"rendered":"INCENDIAN TRES VEH\u00cdCULOS DE TRANSPORTE P\u00daBLICO EN CHILPANCINGO"},"content":{"rendered":"\n<p><\/p>\n\n\n\n<h2>En tres hechos diferentes, personas armadas incendiaron veh\u00edculos de transporte p\u00fablico en la capital de Guerrero sin que hasta el momento se sepa el m\u00f3vil de los atentados.<\/h2>\n\n\n\n<p>La madrugada de este domingo un cami\u00f3n de la Ruta Chilpancingo Colotlipa fue incendiado en el Boulevard Vicente Guerrero de Chilpancingo y unas horas m\u00e1s tarde sujetos armados le prendieron fuego a una Urvan y a un taxi.<\/p>\n\n\n\n<p>Los transportistas anunciaron que el sistema funcionar\u00e1 de manera parcial, pues los transportes s\u00f3lo llegar\u00e1n hasta la comandancia de la Guardia Nacional que se encuentra en la entrada a la carretera que va a Petaquillas.<\/p>\n\n\n\n<p>Posteriormente, aproximadamente a las 11 de la ma\u00f1ana, dos desconocidos le prendieron fuego a una camioneta Urvan de transporte p\u00fablico de la ruta Chilpancingo-Amojileca, a la altura de las colonias del PRD y Omiltemi.<\/p>\n\n\n\n<p>La camioneta llevaba pasajeros, el saldo por esta situaci\u00f3n fue de dos mujeres lesionadas, las cuales fueron llevadas a un hospital para recibir atenci\u00f3n m\u00e9dica. Los agresores huyeron del lugar sin que nadie los molestara.<\/p>\n\n\n\n<p>Y en un tercer ataque al transporte p\u00fablico, sujetos armados incendiaron un taxi en la carretera federal M\u00e9xico-Acapulco, a la altura de la comunidad de Zintlanapa, entre Ocotito y Tierra Colorada.&nbsp;<\/p>\n\n\n\n<p>Este hecho fue reportado a las 11.50 am, el taxi era una camioneta con el n\u00famero econ\u00f3mico 782 y se desconoce el paradero del conductor. Lo anterior, provoc\u00f3 que varias rutas de transporte suspendieran el servicio.<\/p>\n\n\n\n<p>Con Informaci\u00f3n tomada de EXC\u00c9LSIOR<\/p>\n","protected":false},"excerpt":{"rendered":"<p>En tres hechos diferentes, personas armadas incendiaron veh\u00edculos de transporte p\u00fablico en la capital de Guerrero sin que hasta el momento se sepa el m\u00f3vil de los atentados. La madrugada de este domingo un cami\u00f3n de la Ruta Chilpancingo Colotlipa fue incendiado en el Boulevard Vicente Guerrero de Chilpancingo y unas horas m\u00e1s tarde sujetos [&hellip;]<\/p>\n","protected":false},"author":4,"featured_media":20021,"comment_status":"open","ping_status":"open","sticky":false,"template":"","format":"standard","meta":[],"categories":[185],"tags":[],"_links":{"self":[{"href":"https:\/\/alertasaltillo.com\/index.php\/wp-json\/wp\/v2\/posts\/20020"}],"collection":[{"href":"https:\/\/alertasaltillo.com\/index.php\/wp-json\/wp\/v2\/posts"}],"about":[{"href":"https:\/\/alertasaltillo.com\/index.php\/wp-json\/wp\/v2\/types\/post"}],"author":[{"embeddable":true,"href":"https:\/\/alertasaltillo.com\/index.php\/wp-json\/wp\/v2\/users\/4"}],"replies":[{"embeddable":true,"href":"https:\/\/alertasaltillo.com\/index.php\/wp-json\/wp\/v2\/comments?post=20020"}],"version-history":[{"count":1,"href":"https:\/\/alertasaltillo.com\/index.php\/wp-json\/wp\/v2\/posts\/20020\/revisions"}],"predecessor-version":[{"id":20022,"href":"https:\/\/alertasaltillo.com\/index.php\/wp-json\/wp\/v2\/posts\/20020\/revisions\/20022"}],"wp:featuredmedia":[{"embeddable":true,"href":"https:\/\/alertasaltillo.com\/index.php\/wp-json\/wp\/v2\/media\/20021"}],"wp:attachment":[{"href":"https:\/\/alertasaltillo.com\/index.php\/wp-json\/wp\/v2\/media?parent=20020"}],"wp:term":[{"taxonomy":"category","embeddable":true,"href":"https:\/\/alertasaltillo.com\/index.php\/wp-json\/wp\/v2\/categories?post=20020"},{"taxonomy":"post_tag","embeddable":true,"href":"https:\/\/alertasaltillo.com\/index.php\/wp-json\/wp\/v2\/tags?post=20020"}],"curies":[{"name":"wp","href":"https:\/\/api.w.org\/{rel}","templated":true}]}}