{"id":19956,"date":"2025-09-25T19:28:42","date_gmt":"2025-09-25T19:28:42","guid":{"rendered":"https:\/\/alertasaltillo.com\/?p=19956"},"modified":"2025-09-25T19:28:44","modified_gmt":"2025-09-25T19:28:44","slug":"normalistas-de-ayotzinapa-incendian-camion-en-puerta-del-campo-militar-1","status":"publish","type":"post","link":"https:\/\/alertasaltillo.com\/index.php\/2025\/09\/25\/normalistas-de-ayotzinapa-incendian-camion-en-puerta-del-campo-militar-1\/","title":{"rendered":"NORMALISTAS DE AYOTZINAPA INCENDIAN CAMI\u00d3N EN PUERTA DEL CAMPO MILITAR 1"},"content":{"rendered":"\n<p>Los estudiantes tambi\u00e9n lanzan petardos y realizan pintas en ese lugar<\/p>\n\n\n\n<p><strong><a href=\"https:\/\/heraldodemexico.com.mx\/nacional\/2025\/9\/25\/congreso-de-la-cdmx-avala-ratificar-nombramientos-de-claudia-sheinbaum-en-la-guardia-nacional-732762.html\" target=\"_blank\" rel=\"noreferrer noopener\">Normalistas de Ayotzinapa<\/a>&nbsp;incendian un cami\u00f3n en las puertas del Campo Militar 1,&nbsp;<\/strong>en donde tambi\u00e9n lanzan petardos y han realizado pintas en la reja de dicho lugar,&nbsp;en el marco del aniversario de la desaparici\u00f3n de 43 estudiantes de esa escuela, ocurrida el 26 de septiembre en Iguala en el 2014.<\/p>\n\n\n\n<p>Previamente al incendio de la unidad de carga, los<strong>\u00a0padres de los 43 de Ayotzinapa llevaban\u00a0a cabo llevan\u00a0un mitin\u00a0<\/strong>afuera del Campo Militar 1, en donde colocaron\u00a0cartulinas con im\u00e1genes de pol\u00edticos. Adem\u00e1s de que comenzaron a realizar\u00a0pintas en la fachada del sitio, ubicado<strong>\u00a0sobre avenid<a href=\"https:\/\/heraldodemexico.com.mx\/nacional\/2025\/9\/25\/socavon-en-iztapalapa-cual-es-el-avance-de-los-trabajos-de-reparacion-732761.html\" target=\"_blank\" rel=\"noreferrer noopener\">a del Conscripto.<\/a><\/strong><\/p>\n\n\n\n<p>Tanto los padres de los\u00a0<strong>43 como los\u00a0alumnos de la Normal Rural de Ayotzinapa<\/strong>\u00a0colocaron autobuses sobre Conscripto, en donde la circulaci\u00f3n para los automovilistas se encuentra cerrada desde aproximadamente las 12:00 horas de este jueves 25 de septiembre, a un d\u00eda de que se realice la jornada m\u00e1s extensa de manifestaciones por la llamada<strong>\u00a0\u00abNoche de Iguala\u00bb.<\/strong><\/p>\n\n\n\n<p>Para ma\u00f1ana se prev\u00e9 una manifestaci\u00f3n multitudinaria, encabezada por los padres de los 43, as\u00ed como por normalistas de Ayotzinapa. La manifestaci\u00f3n se llevar\u00e1 a cabo sobre avenida Paseo de la Reforma, en donde se ubica el llamado AntiMonumento por la desaparici\u00f3n de los estudiantes, ocurrida el 26 de septiembre de\u00a02014.<\/p>\n\n\n\n<p>Con Informaci\u00f3n tomada de EL HERALDO DE M\u00c9XICO<\/p>\n","protected":false},"excerpt":{"rendered":"<p>Los estudiantes tambi\u00e9n lanzan petardos y realizan pintas en ese lugar Normalistas de Ayotzinapa&nbsp;incendian un cami\u00f3n en las puertas del Campo Militar 1,&nbsp;en donde tambi\u00e9n lanzan petardos y han realizado pintas en la reja de dicho lugar,&nbsp;en el marco del aniversario de la desaparici\u00f3n de 43 estudiantes de esa escuela, ocurrida el 26 de septiembre [&hellip;]<\/p>\n","protected":false},"author":4,"featured_media":19957,"comment_status":"open","ping_status":"open","sticky":false,"template":"","format":"standard","meta":[],"categories":[185],"tags":[],"_links":{"self":[{"href":"https:\/\/alertasaltillo.com\/index.php\/wp-json\/wp\/v2\/posts\/19956"}],"collection":[{"href":"https:\/\/alertasaltillo.com\/index.php\/wp-json\/wp\/v2\/posts"}],"about":[{"href":"https:\/\/alertasaltillo.com\/index.php\/wp-json\/wp\/v2\/types\/post"}],"author":[{"embeddable":true,"href":"https:\/\/alertasaltillo.com\/index.php\/wp-json\/wp\/v2\/users\/4"}],"replies":[{"embeddable":true,"href":"https:\/\/alertasaltillo.com\/index.php\/wp-json\/wp\/v2\/comments?post=19956"}],"version-history":[{"count":1,"href":"https:\/\/alertasaltillo.com\/index.php\/wp-json\/wp\/v2\/posts\/19956\/revisions"}],"predecessor-version":[{"id":19958,"href":"https:\/\/alertasaltillo.com\/index.php\/wp-json\/wp\/v2\/posts\/19956\/revisions\/19958"}],"wp:featuredmedia":[{"embeddable":true,"href":"https:\/\/alertasaltillo.com\/index.php\/wp-json\/wp\/v2\/media\/19957"}],"wp:attachment":[{"href":"https:\/\/alertasaltillo.com\/index.php\/wp-json\/wp\/v2\/media?parent=19956"}],"wp:term":[{"taxonomy":"category","embeddable":true,"href":"https:\/\/alertasaltillo.com\/index.php\/wp-json\/wp\/v2\/categories?post=19956"},{"taxonomy":"post_tag","embeddable":true,"href":"https:\/\/alertasaltillo.com\/index.php\/wp-json\/wp\/v2\/tags?post=19956"}],"curies":[{"name":"wp","href":"https:\/\/api.w.org\/{rel}","templated":true}]}}