{"id":19911,"date":"2025-09-24T13:58:57","date_gmt":"2025-09-24T13:58:57","guid":{"rendered":"https:\/\/alertasaltillo.com\/?p=19911"},"modified":"2025-09-24T13:59:00","modified_gmt":"2025-09-24T13:59:00","slug":"naaa-yo-no-le-hago-caso-a-las-mafufadas-adan-augusto-lopez","status":"publish","type":"post","link":"https:\/\/alertasaltillo.com\/index.php\/2025\/09\/24\/naaa-yo-no-le-hago-caso-a-las-mafufadas-adan-augusto-lopez\/","title":{"rendered":"&#8216;NAAA. YO NO LE HAGO CASO A LAS MAFUFADAS&#8217;: AD\u00c1N AUGUSTO L\u00d3PEZ"},"content":{"rendered":"\n<h2>El senador morenista descalific\u00f3 la denuncia que el priista Alejandro Moreno present\u00f3 en su contra ante organismos como el FBI y la DEA, y asegur\u00f3 que no dejar\u00e1 su esca\u00f1o.<\/h2>\n\n\n\n<p><\/p>\n\n\n\n<p>El senador&nbsp;<strong>Ad\u00e1n Augusto L\u00f3pez Hern\u00e1ndez<\/strong>&nbsp;asegur\u00f3 que ni se ir\u00e1 a una embajada, ni dejar\u00e1 su esca\u00f1o y ni hace caso \u201ca mafufadas\u201d como llam\u00f3 a la denuncia que el priista Alejandro Moreno C\u00e1rdenas present\u00f3 contra \u00e9l ante organismos como el FBI y la DEA.<\/p>\n\n\n\n<p>Casi dos horas despu\u00e9s de que Moreno C\u00e1rdenas present\u00f3 en conferencia de prensa al C\u00e1rtel de Macuspana, integrado por dirigentes de Morena, y anunciara que present\u00f3 denuncias formales contra morenistas como Ad\u00e1n Augusto L\u00f3pez Hern\u00e1ndez por su relaci\u00f3n con grupos criminales, L\u00f3pez Hern\u00e1ndez decidi\u00f3 caminar por el Patio del Federalismo del Senado y accedi\u00f3 a responder preguntas.<\/p>\n\n\n\n<p>\u2013\u00bfQu\u00e9 opina de las denuncias que interpuso el l\u00edder del PRI contra usted?, se le pregunt\u00f3.<\/p>\n\n\n\n<p>\u2013Naaa. Yo no le hago caso a las mafufadas, respondi\u00f3. Interrogado sobre si aceptar\u00eda una embajada, respondi\u00f3 que \u201cyo tengo un compromiso con el Senado y con el pa\u00eds\u201d.<\/p>\n\n\n\n<p>\u2013\u00bfNo va a salir de la Coordinaci\u00f3n? Se incrementa ese rumor: que sale usted de la Coordinaci\u00f3n.<\/p>\n\n\n\n<p>\u2013Ese es un rumor que usted difunde. Ante la insistencia de que hay se\u00f1alamientos directos contra \u00e9l, por parte de testigos protegidos y de acuerdo con las investigaciones, Ad\u00e1n Augusto L\u00f3pez Hern\u00e1ndez asegur\u00f3 que eso es falso.<\/p>\n\n\n\n<p>Con Informaci\u00f3n tomada de EXC\u00c9LSIOR<\/p>\n\n\n\n<p><\/p>\n","protected":false},"excerpt":{"rendered":"<p>El senador morenista descalific\u00f3 la denuncia que el priista Alejandro Moreno present\u00f3 en su contra ante organismos como el FBI y la DEA, y asegur\u00f3 que no dejar\u00e1 su esca\u00f1o. El senador&nbsp;Ad\u00e1n Augusto L\u00f3pez Hern\u00e1ndez&nbsp;asegur\u00f3 que ni se ir\u00e1 a una embajada, ni dejar\u00e1 su esca\u00f1o y ni hace caso \u201ca mafufadas\u201d como llam\u00f3 a [&hellip;]<\/p>\n","protected":false},"author":4,"featured_media":19912,"comment_status":"open","ping_status":"open","sticky":false,"template":"","format":"standard","meta":[],"categories":[185],"tags":[],"_links":{"self":[{"href":"https:\/\/alertasaltillo.com\/index.php\/wp-json\/wp\/v2\/posts\/19911"}],"collection":[{"href":"https:\/\/alertasaltillo.com\/index.php\/wp-json\/wp\/v2\/posts"}],"about":[{"href":"https:\/\/alertasaltillo.com\/index.php\/wp-json\/wp\/v2\/types\/post"}],"author":[{"embeddable":true,"href":"https:\/\/alertasaltillo.com\/index.php\/wp-json\/wp\/v2\/users\/4"}],"replies":[{"embeddable":true,"href":"https:\/\/alertasaltillo.com\/index.php\/wp-json\/wp\/v2\/comments?post=19911"}],"version-history":[{"count":1,"href":"https:\/\/alertasaltillo.com\/index.php\/wp-json\/wp\/v2\/posts\/19911\/revisions"}],"predecessor-version":[{"id":19913,"href":"https:\/\/alertasaltillo.com\/index.php\/wp-json\/wp\/v2\/posts\/19911\/revisions\/19913"}],"wp:featuredmedia":[{"embeddable":true,"href":"https:\/\/alertasaltillo.com\/index.php\/wp-json\/wp\/v2\/media\/19912"}],"wp:attachment":[{"href":"https:\/\/alertasaltillo.com\/index.php\/wp-json\/wp\/v2\/media?parent=19911"}],"wp:term":[{"taxonomy":"category","embeddable":true,"href":"https:\/\/alertasaltillo.com\/index.php\/wp-json\/wp\/v2\/categories?post=19911"},{"taxonomy":"post_tag","embeddable":true,"href":"https:\/\/alertasaltillo.com\/index.php\/wp-json\/wp\/v2\/tags?post=19911"}],"curies":[{"name":"wp","href":"https:\/\/api.w.org\/{rel}","templated":true}]}}