{"id":19899,"date":"2025-09-23T14:20:53","date_gmt":"2025-09-23T14:20:53","guid":{"rendered":"https:\/\/alertasaltillo.com\/?p=19899"},"modified":"2025-09-23T14:20:55","modified_gmt":"2025-09-23T14:20:55","slug":"en-operaciones-nuevo-organismo-de-informacion-y-transparencia-en-coahuila","status":"publish","type":"post","link":"https:\/\/alertasaltillo.com\/index.php\/2025\/09\/23\/en-operaciones-nuevo-organismo-de-informacion-y-transparencia-en-coahuila\/","title":{"rendered":"EN OPERACIONES NUEVO ORGANISMO DE INFORMACI\u00d3N Y TRANSPARENCIA EN COAHUILA"},"content":{"rendered":"\n<p>Saltillo, Coahuila de Zaragoza, a 22 de septiembre de 2025.- Con la toma de protesta del Consejo Estatal del Subsistema de Transparencia, entr\u00f3 en funciones el nuevo Organismo de Informaci\u00f3n y Transparencia de Coahuila, INTRAC.<\/p>\n\n\n\n<p>Elma Marisol Mart\u00ednez Gonz\u00e1lez, secretaria de Fiscalizaci\u00f3n y Rendici\u00f3n de Cuentas, encabez\u00f3 la puesta en marcha de este \u00f3rgano colegiado que ser\u00e1 el encargado de supervisar, vigilar, y coordinar los procesos relacionados con la transparencia y acceso a la informaci\u00f3n p\u00fablica.<\/p>\n\n\n\n<p>\u201cEl compromiso del gobernador Manolo Jim\u00e9nez Salinas es firme: asegurar el derecho de cada ciudadano a la informaci\u00f3n y proteger sus datos personales. En ese camino, hemos logrado avances significativos, como ser uno de los nueve estados con Reforma Constitucional y Leyes Secundarias, de los cuales cuatro, incluyendo a Coahuila, no tienen inconsistencias ante la Ley y somos uno de los cinco primeros estados que instalan este Comit\u00e9. Sin embargo, tambi\u00e9n tenemos desaf\u00edos importantes por delante\u201d, expuso Mart\u00ednez Gonz\u00e1lez.<\/p>\n\n\n\n<p>Tanivet Ramos Reyes, titular del Instituto de Transparencia para el Pueblo, particip\u00f3 v\u00eda remota en esta sesi\u00f3n y reconoci\u00f3 los avances de Coahuila para el cumplimiento de las nuevas disposiciones derivadas de la Reforma Constitucional en materia de Transparencia.<\/p>\n\n\n\n<p>\u201cReconocemos el gran compromiso que refleja Coahuila, y refrendamos que solo a trav\u00e9s de la coordinaci\u00f3n adecuada y eficiente entre las autoridades garantes ser\u00e1 posible garantizar el acceso a la informaci\u00f3n con certeza, congruencia y legalidad, con apego a la norma\u201d.<\/p>\n\n\n\n<p>Conforme al Art\u00edculo 56 del Reglamento Interno de Secretar\u00eda de Fiscalizaci\u00f3n y Rendici\u00f3n de Cuentas de Coahuila, se crea el \u00d3rgano Desconcentrado denominado Informaci\u00f3n y Transparencia de Coahuila (INTRAC), dotado de autonom\u00eda t\u00e9cnica y operativa para ejercer las atribuciones conferidas por la Ley de Transparencia, as\u00ed como por las disposiciones jur\u00eddicas aplicables respecto al Poder Ejecutivo, organismos descentralizados y municipios del Estado.<\/p>\n\n\n\n<p>Entre sus funciones destaca coordinar programas de capacitaci\u00f3n y profesionalizaci\u00f3n en materia de Transparencia y brindar apoyo t\u00e9cnico a los sujetos obligados; conocer, turnar y resolver Recursos de Revisi\u00f3n y denuncias por incumplimiento de obligaciones de Transparencia, adem\u00e1s de difundir el derecho de acceso a la informaci\u00f3n y promover la digitalizaci\u00f3n de la informaci\u00f3n p\u00fablica.<\/p>\n\n\n\n<p>El Consejo Estatal del Subsistema de Transparencia es presidido por Elma Marisol Mart\u00ednez Gonz\u00e1lez, secretaria de Fiscalizaci\u00f3n y Rendici\u00f3n de Cuentas, y conformado por Dulce Mar\u00eda Fuentes Mancillas, Magistrada Presidenta del Tribunal de Disciplina del Poder Judicial y C\u00e9sar Mario Esquivel Flores, titular del \u00d3rgano de Control Interno del Poder Legislativo.&nbsp;<\/p>\n\n\n\n<p>De igual forma por los titulares de los \u00d3rganos de Control Interno de la Fiscal\u00eda General del Estado de Coahuila de Zaragoza; Universidad Aut\u00f3noma de Coahuila; Instituto Electoral de Coahuila; Tribunal de Justicia Administrativa del Estado de Coahuila; del Tribunal Electoral del Estado de Coahuila y de la Comisi\u00f3n Estatal de Derechos Humanos.&nbsp;<\/p>\n\n\n\n<p>Participan, adem\u00e1s, un contralor municipal en representaci\u00f3n de las cinco regiones de la entidad.<\/p>\n\n\n\n<p><\/p>\n","protected":false},"excerpt":{"rendered":"<p>Saltillo, Coahuila de Zaragoza, a 22 de septiembre de 2025.- Con la toma de protesta del Consejo Estatal del Subsistema de Transparencia, entr\u00f3 en funciones el nuevo Organismo de Informaci\u00f3n y Transparencia de Coahuila, INTRAC. Elma Marisol Mart\u00ednez Gonz\u00e1lez, secretaria de Fiscalizaci\u00f3n y Rendici\u00f3n de Cuentas, encabez\u00f3 la puesta en marcha de este \u00f3rgano colegiado [&hellip;]<\/p>\n","protected":false},"author":4,"featured_media":19900,"comment_status":"open","ping_status":"open","sticky":false,"template":"","format":"standard","meta":[],"categories":[4],"tags":[],"_links":{"self":[{"href":"https:\/\/alertasaltillo.com\/index.php\/wp-json\/wp\/v2\/posts\/19899"}],"collection":[{"href":"https:\/\/alertasaltillo.com\/index.php\/wp-json\/wp\/v2\/posts"}],"about":[{"href":"https:\/\/alertasaltillo.com\/index.php\/wp-json\/wp\/v2\/types\/post"}],"author":[{"embeddable":true,"href":"https:\/\/alertasaltillo.com\/index.php\/wp-json\/wp\/v2\/users\/4"}],"replies":[{"embeddable":true,"href":"https:\/\/alertasaltillo.com\/index.php\/wp-json\/wp\/v2\/comments?post=19899"}],"version-history":[{"count":1,"href":"https:\/\/alertasaltillo.com\/index.php\/wp-json\/wp\/v2\/posts\/19899\/revisions"}],"predecessor-version":[{"id":19901,"href":"https:\/\/alertasaltillo.com\/index.php\/wp-json\/wp\/v2\/posts\/19899\/revisions\/19901"}],"wp:featuredmedia":[{"embeddable":true,"href":"https:\/\/alertasaltillo.com\/index.php\/wp-json\/wp\/v2\/media\/19900"}],"wp:attachment":[{"href":"https:\/\/alertasaltillo.com\/index.php\/wp-json\/wp\/v2\/media?parent=19899"}],"wp:term":[{"taxonomy":"category","embeddable":true,"href":"https:\/\/alertasaltillo.com\/index.php\/wp-json\/wp\/v2\/categories?post=19899"},{"taxonomy":"post_tag","embeddable":true,"href":"https:\/\/alertasaltillo.com\/index.php\/wp-json\/wp\/v2\/tags?post=19899"}],"curies":[{"name":"wp","href":"https:\/\/api.w.org\/{rel}","templated":true}]}}