{"id":19893,"date":"2025-09-23T14:18:03","date_gmt":"2025-09-23T14:18:03","guid":{"rendered":"https:\/\/alertasaltillo.com\/?p=19893"},"modified":"2025-09-23T14:18:05","modified_gmt":"2025-09-23T14:18:05","slug":"fiscalia-investiga-homicidio-de-estudiante-en-cch-sur-identifican-a-lex-ashton-n-como-el-agresor","status":"publish","type":"post","link":"https:\/\/alertasaltillo.com\/index.php\/2025\/09\/23\/fiscalia-investiga-homicidio-de-estudiante-en-cch-sur-identifican-a-lex-ashton-n-como-el-agresor\/","title":{"rendered":"FISCAL\u00cdA INVESTIGA HOMICIDIO DE ESTUDIANTE EN CCH SUR; IDENTIFICAN A LEX ASHTON \u00abN\u00bb COMO EL AGRESOR"},"content":{"rendered":"\n<p><strong>De acuerdo con la versi\u00f3n de la autoridad, despu\u00e9s de que el agresor atac\u00f3 al adolescente, un trabajador administrativo identificado como Armando \u201cN\u201d, de 65 a\u00f1os, intent\u00f3 detenerlo, pero el sujeto tambi\u00e9n lo lesion\u00f3, por lo que fue llevado a un hospital para recibir atenci\u00f3n m\u00e9dica.<\/strong><\/p>\n\n\n\n<p>CIUDAD DE M\u00c9XICO (apro).- La Fiscal\u00eda General de Justicia de la Ciudad de M\u00e9xico (FGJCDMX) identific\u00f3 como Lex Ashton \u201cN\u201d., de 19 a\u00f1os, al sujeto que, con un arma blanca, agredi\u00f3 a muerte a Jes\u00fas Israel \u201cN\u201d, estudiante &nbsp;de 16 a\u00f1os del Colegio de Ciencias y Humanidades (CCH) plantel Sur de la UNAM y lesion\u00f3 a un trabajador del mismo, la tarde de este lunes.<\/p>\n\n\n\n<p>En una tarjeta informativa, la instituci\u00f3n dijo que inici\u00f3 una investigaci\u00f3n por el delito de homicidio calificado y lesiones dolosas por los hechos ocurridos alrededor de las 13 horas en el estacionamiento del plantel.<\/p>\n\n\n\n<p>De acuerdo con la versi\u00f3n de la autoridad, despu\u00e9s de que el agresor atac\u00f3 al adolescente, un trabajador administrativo identificado como Armando \u201cN\u201d, de 65 a\u00f1os, intent\u00f3 detenerlo, pero el sujeto tambi\u00e9n lo lesion\u00f3, por lo que fue llevado a un hospital para recibir atenci\u00f3n m\u00e9dica.<\/p>\n\n\n\n<p>La FGJ capitalina a\u00f1adi\u00f3 que el probable responsable, quien portaba una capucha al momento de los hechos, \u201cintent\u00f3 huir; al percatarse de que era seguido, subi\u00f3 a un edificio dentro del plantel y se lanz\u00f3, lo que le ocasion\u00f3 fracturas en ambas piernas\u201d.<\/p>\n\n\n\n<p>Con Informaci\u00f3n tomada de PROCESO<\/p>\n","protected":false},"excerpt":{"rendered":"<p>De acuerdo con la versi\u00f3n de la autoridad, despu\u00e9s de que el agresor atac\u00f3 al adolescente, un trabajador administrativo identificado como Armando \u201cN\u201d, de 65 a\u00f1os, intent\u00f3 detenerlo, pero el sujeto tambi\u00e9n lo lesion\u00f3, por lo que fue llevado a un hospital para recibir atenci\u00f3n m\u00e9dica. CIUDAD DE M\u00c9XICO (apro).- La Fiscal\u00eda General de Justicia [&hellip;]<\/p>\n","protected":false},"author":4,"featured_media":19894,"comment_status":"open","ping_status":"open","sticky":false,"template":"","format":"standard","meta":[],"categories":[185],"tags":[],"_links":{"self":[{"href":"https:\/\/alertasaltillo.com\/index.php\/wp-json\/wp\/v2\/posts\/19893"}],"collection":[{"href":"https:\/\/alertasaltillo.com\/index.php\/wp-json\/wp\/v2\/posts"}],"about":[{"href":"https:\/\/alertasaltillo.com\/index.php\/wp-json\/wp\/v2\/types\/post"}],"author":[{"embeddable":true,"href":"https:\/\/alertasaltillo.com\/index.php\/wp-json\/wp\/v2\/users\/4"}],"replies":[{"embeddable":true,"href":"https:\/\/alertasaltillo.com\/index.php\/wp-json\/wp\/v2\/comments?post=19893"}],"version-history":[{"count":1,"href":"https:\/\/alertasaltillo.com\/index.php\/wp-json\/wp\/v2\/posts\/19893\/revisions"}],"predecessor-version":[{"id":19895,"href":"https:\/\/alertasaltillo.com\/index.php\/wp-json\/wp\/v2\/posts\/19893\/revisions\/19895"}],"wp:featuredmedia":[{"embeddable":true,"href":"https:\/\/alertasaltillo.com\/index.php\/wp-json\/wp\/v2\/media\/19894"}],"wp:attachment":[{"href":"https:\/\/alertasaltillo.com\/index.php\/wp-json\/wp\/v2\/media?parent=19893"}],"wp:term":[{"taxonomy":"category","embeddable":true,"href":"https:\/\/alertasaltillo.com\/index.php\/wp-json\/wp\/v2\/categories?post=19893"},{"taxonomy":"post_tag","embeddable":true,"href":"https:\/\/alertasaltillo.com\/index.php\/wp-json\/wp\/v2\/tags?post=19893"}],"curies":[{"name":"wp","href":"https:\/\/api.w.org\/{rel}","templated":true}]}}