{"id":19839,"date":"2025-09-21T20:37:45","date_gmt":"2025-09-21T20:37:45","guid":{"rendered":"https:\/\/alertasaltillo.com\/?p=19839"},"modified":"2025-09-21T20:37:48","modified_gmt":"2025-09-21T20:37:48","slug":"entrega-gobernador-premio-estatal-de-periodismo","status":"publish","type":"post","link":"https:\/\/alertasaltillo.com\/index.php\/2025\/09\/21\/entrega-gobernador-premio-estatal-de-periodismo\/","title":{"rendered":"ENTREGA GOBERNADOR PREMIO ESTATAL DE PERIODISMO"},"content":{"rendered":"\n<p><\/p>\n\n\n\n<p>Saltillo, Coahuila de Zaragoza; a 19 de septiembre de 2025.- El gobernador Manolo Jim\u00e9nez Salinas presidi\u00f3 la ceremonia de entrega del Premio Estatal de Periodismo 2025, en donde reiter\u00f3 el compromiso de su gobierno de seguir trabajando por la seguridad de nuestro estado para que todos aquellos que ejercen la profesi\u00f3n del periodismo, lo puedan hacer de manera libre y con tranquilidad.<\/p>\n\n\n\n<p>\u00abEn Coahuila celebramos el talento y la entrega de quienes nos mantienen informados con profesionalismo y compromiso. El trabajo de los periodistas es muy importante, porque con \u00e9l, construimos una sociedad m\u00e1s informada, m\u00e1s participativa y m\u00e1s libre. Creemos en la libertad de expresi\u00f3n y la defendemos diariamente. Hoy entregamos el Premio Estatal de Periodismo. Sigamos trabajando en sinton\u00eda para continuar construyendo la grandeza de Coahuila\u00bb, destac\u00f3 el gobernador.<\/p>\n\n\n\n<p>El Premio Estatal de Periodismo 2025 tiene como objetivo reconocer la calidad y excelencia de los trabajos period\u00edsticos que d\u00eda a d\u00eda llegan a la poblaci\u00f3n coahuilense con el firme objetivo de ser un agente de cambio y generador de opini\u00f3n p\u00fablica.&nbsp;<\/p>\n\n\n\n<p>En esta edici\u00f3n se recibieron m\u00e1s de 460 propuestas en las diversas categor\u00edas, y se premiaron 19 trabajos en las \u00e1reas de Prensa Escrita, Radio, Televisi\u00f3n y Periodismo Digital.<\/p>\n\n\n\n<p>Adem\u00e1s, Manolo Jim\u00e9nez entreg\u00f3 reconocimientos por trayectoria a periodistas por sus 25, 30, 35, 40, 45, 50 y 60 a\u00f1os de servicio ininterrumpido, as\u00ed como reconocimientos post mortem.<\/p>\n\n\n\n<p>El Mandatario estatal se\u00f1al\u00f3 que su gobierno es propositivo, constructivo, en el que todos los d\u00edas se trabaja para mejorar a Coahuila.&nbsp;<\/p>\n\n\n\n<p>Mencion\u00f3 que cuando existe una forma de trabajar transparente, abierta, como en su administraci\u00f3n, aceptando toda cr\u00edtica constructiva, se puede hacer equipo y fortalecer lo que ha venido haciendo de Coahuila el mejor estado para vivir, que es el trabajo en equipo entre sociedad civil organizada, iniciativa privada y gobierno.<\/p>\n\n\n\n<p>\u201cCuando el punto de encuentro es Coahuila, es muy f\u00e1cil trabajar en conjunto por un bien com\u00fan, y gracia a ello hemos logrado construir esta potencia nacional\u201d, afirm\u00f3.<\/p>\n\n\n\n<p>Subray\u00f3 la importancia de estar conscientes de que la grandeza de Coahuila es gracias a esta gran comunidad, en donde los medios de comunicaci\u00f3n son una parte sumamente importante.<\/p>\n\n\n\n<p>\u201cPor eso es importante que sigamos trabajando en equipo, en sinton\u00eda y en coordinaci\u00f3n; afortunadamente la labor period\u00edstica la pueden ejercer con libertad y tranquilidad en este estado\u201d, coment\u00f3.<\/p>\n\n\n\n<p>Jim\u00e9nez Salinas destac\u00f3 que seg\u00fan la ENVIPE, Coahuila se sigue consolidando como uno de los estados m\u00e1s seguros del pa\u00eds, al pasar del tercero al segundo lugar, y reiter\u00f3 que el tema de seguridad es muy importante para su administraci\u00f3n, por lo que se seguir\u00e1 cuidando.<\/p>\n\n\n\n<p>De la misma manera, inform\u00f3 que en las pr\u00f3ximas semanas se presentar\u00e1 un gran proyecto de inversi\u00f3n p\u00fablico privada que ayudar\u00e1 a detonar el desarrollo con inversi\u00f3n en infraestructura, y que ayudar\u00e1 tambi\u00e9n a que haya derrama y m\u00e1s empleos.<\/p>\n\n\n\n<p>Record\u00f3, adem\u00e1s, que se tiene un gran proyecto para ayudar a los productores de carb\u00f3n, as\u00ed como para resolver el problema de AHMSA.<\/p>\n\n\n\n<p>Diego Rodr\u00edguez Canales, subsecretario general de Gobierno e Imagen Institucional mencion\u00f3 que hoy es un gran momento para ejercer la libertad de expresi\u00f3n en este gran estado.<\/p>\n\n\n\n<p>A\u00f1adi\u00f3 que la libertad de expresi\u00f3n no se celebra, se ejerce todos los d\u00edas, y que en el Gobierno de Coahuila se hace un gran esfuerzo para mantener al Estado seguro, en orden y con rumbo.<\/p>\n\n\n\n<p>\u201cEste evento es importante, porque aqu\u00ed se refleja el trabajo de todos y se muestra que el gobierno ciudadano, ese que se dibuj\u00f3 en campa\u00f1a, hoy es una realidad\u201d, expres\u00f3.<\/p>\n\n\n\n<p>Por su parte, Mariana Mej\u00eda Lozoya, a nombre de las y los galardonados, coment\u00f3 que el periodismo es un oficio que exige valent\u00eda, sensibilidad y, ante todo, una responsabilidad enorme con la sociedad.<\/p>\n\n\n\n<p>Abund\u00f3 que cada vez son m\u00e1s las mujeres en esta profesi\u00f3n, quienes con su voz, con su esfuerzo y visi\u00f3n transforman las cosas en que se cuentan las historias.&nbsp;&nbsp;<\/p>\n\n\n\n<p>En la entrega de este premio acompa\u00f1aron al gobernador, adem\u00e1s, Luz Elena Morales N\u00fa\u00f1ez, diputada presidenta de la Junta de Gobierno del Congreso local; Jeric\u00f3 Abramo Masso, diputado federal; \u00d3scar Pimentel Gonz\u00e1lez, secretario de Gobierno; Maribel S\u00e1nchez Tovar, coordinadora general de Comunicaci\u00f3n e Imagen Institucional; Jos\u00e9 Antonio Garc\u00eda Herrera, presidente del Consejo Directivo de la C\u00e1mara Nacional de la Industria de la Radio y Televisi\u00f3n; David Aguill\u00f3n Rosales, presidente de la C\u00e1mara de la Industria de la Radio y Televisi\u00f3n en Coahuila.&nbsp;&nbsp;&nbsp;&nbsp;<\/p>\n\n\n\n<p>GANADORES DEL PREMIO ESTATAL DE PERIODISMO 2025<\/p>\n\n\n\n<p>CATEGOR\u00cdA PRENSA ESCRITA:&nbsp;<\/p>\n\n\n\n<p>&nbsp;1.- Columna: Mar\u00eda Ang\u00e9lica Salinas Hern\u00e1ndez, En fin, la Hipocres\u00eda. Medio: RCG Media M0agazine.<\/p>\n\n\n\n<p>2.- Cr\u00f3nica: M\u00f3nica Guadalupe Meza Maldonado, Llora don Jos\u00e9 la ca\u00edda de un gigante. Medio: La Voz de Monclova.<\/p>\n\n\n\n<p>3.- Entrevista: Fabiola Montserrat S\u00e1nchez Flores, Nacen cuatrillizos en Semana Santa. Medio: La Prensa.&nbsp;<\/p>\n\n\n\n<p>4.- Noticia: Mauro Marines Garc\u00eda, Ojo de Agua, entre la gentrificaci\u00f3n y la preservaci\u00f3n. Medio: Vanguardia.<\/p>\n\n\n\n<p>5.- Reportaje: Eleazar Daniel Vald\u00e9s Romo, Trabajando de sol a sol sac\u00f3 adelante a sus 11 hijos, Medio: El Diario.<\/p>\n\n\n\n<p>6.- Editorial: Susana Cepeda Islas, Insensibilidad Social. Medio: El Heraldo.<\/p>\n\n\n\n<p>7.- Fotograf\u00eda: Jes\u00fas Alejandro Rodr\u00edguez \u00c1vila, Marea de Fuego. Medio: Z\u00f3calo Saltillo<\/p>\n\n\n\n<p>CATEGOR\u00cdA RADIO:<\/p>\n\n\n\n<p>8.- Entrevista: Luis Alberto Hern\u00e1ndez Carmona, Diversidad Sexual. Medio: XHENR 9.1 FM.<\/p>\n\n\n\n<p>9.- Noticia: Mariana Mej\u00eda Lozoya, Triste final para el conocimiento: libros de la UVM desechados tras cierre. Medio: Horizonte Lagunero.<\/p>\n\n\n\n<p>10.- Reportaje: Grecia Abigail Moya Navarro, Adultos Mayores: Amor, soledad y abandono. Medio: Exa Monclova 101.1 FM NRT M\u00e9xico.<\/p>\n\n\n\n<p>11.- Cobertura en vivo: Christyan Adolfo Estrada Castillo, Seguir\u00e9 Buscando a mi hermano. Medio: Grupo Regi\u00f3n.<\/p>\n\n\n\n<p>CATEGOR\u00cdA TELEVISI\u00d3N:<\/p>\n\n\n\n<p>12.- Entrevista: \u00c1ngel Antonio Carrillo Romero, Cicatrices. Medio: Multimedios Laguna.<\/p>\n\n\n\n<p>13.- Noticia: Diana Fabiola Rodr\u00edguez Gonz\u00e1lez, Escuelas cierran puerta a la comida chatarra. Medio: Tele Saltillo.<\/p>\n\n\n\n<p>14.- Reportaje: Eric Pichardo Anaya, Abejas, especie amenazada. Medio: Tv Azteca.<\/p>\n\n\n\n<p>15.- Cobertura en vivo: Kirk Gerardo Castillo Hern\u00e1ndez, Las hermanas est\u00e1n en casa despu\u00e9s de 2 a\u00f1os. Medio: Multimedios Laguna.<\/p>\n\n\n\n<p>16.- Mejor toma: Manuel Sa\u00fal Ortega Loera, H\u00e9roes. Medio: NM\u00c1S Coahuila.<\/p>\n\n\n\n<p>CATEGOR\u00cdA MEDIOS DIGITAL:&nbsp;<\/p>\n\n\n\n<p>17.- Mejor trabajo period\u00edstico: Marlen Edrei Dur\u00f3n Salazar, Detr\u00e1s del silencio: la lucha para conservar la salud mental. Medio: A tiempo TV.<\/p>\n\n\n\n<p>18.- Dise\u00f1o Portal Web: Adriana Vargas Flores, La Vereda: Periodismo Cultural. Medio:&nbsp;<a href=\"http:\/\/lavereda.com.mx\/\" target=\"_blank\" rel=\"noreferrer noopener\">Lavereda.com.mx<\/a>.<\/p>\n\n\n\n<p>19.- Cobertura en vivo: Norma Naharay Ibarra Blanco, Ellos libres y nosotros seguros. Medio: El Siglo de Torre\u00f3n.<\/p>\n","protected":false},"excerpt":{"rendered":"<p>Saltillo, Coahuila de Zaragoza; a 19 de septiembre de 2025.- El gobernador Manolo Jim\u00e9nez Salinas presidi\u00f3 la ceremonia de entrega del Premio Estatal de Periodismo 2025, en donde reiter\u00f3 el compromiso de su gobierno de seguir trabajando por la seguridad de nuestro estado para que todos aquellos que ejercen la profesi\u00f3n del periodismo, lo puedan [&hellip;]<\/p>\n","protected":false},"author":4,"featured_media":19840,"comment_status":"open","ping_status":"open","sticky":false,"template":"","format":"standard","meta":[],"categories":[4],"tags":[],"_links":{"self":[{"href":"https:\/\/alertasaltillo.com\/index.php\/wp-json\/wp\/v2\/posts\/19839"}],"collection":[{"href":"https:\/\/alertasaltillo.com\/index.php\/wp-json\/wp\/v2\/posts"}],"about":[{"href":"https:\/\/alertasaltillo.com\/index.php\/wp-json\/wp\/v2\/types\/post"}],"author":[{"embeddable":true,"href":"https:\/\/alertasaltillo.com\/index.php\/wp-json\/wp\/v2\/users\/4"}],"replies":[{"embeddable":true,"href":"https:\/\/alertasaltillo.com\/index.php\/wp-json\/wp\/v2\/comments?post=19839"}],"version-history":[{"count":1,"href":"https:\/\/alertasaltillo.com\/index.php\/wp-json\/wp\/v2\/posts\/19839\/revisions"}],"predecessor-version":[{"id":19841,"href":"https:\/\/alertasaltillo.com\/index.php\/wp-json\/wp\/v2\/posts\/19839\/revisions\/19841"}],"wp:featuredmedia":[{"embeddable":true,"href":"https:\/\/alertasaltillo.com\/index.php\/wp-json\/wp\/v2\/media\/19840"}],"wp:attachment":[{"href":"https:\/\/alertasaltillo.com\/index.php\/wp-json\/wp\/v2\/media?parent=19839"}],"wp:term":[{"taxonomy":"category","embeddable":true,"href":"https:\/\/alertasaltillo.com\/index.php\/wp-json\/wp\/v2\/categories?post=19839"},{"taxonomy":"post_tag","embeddable":true,"href":"https:\/\/alertasaltillo.com\/index.php\/wp-json\/wp\/v2\/tags?post=19839"}],"curies":[{"name":"wp","href":"https:\/\/api.w.org\/{rel}","templated":true}]}}