{"id":19799,"date":"2025-09-21T19:52:14","date_gmt":"2025-09-21T19:52:14","guid":{"rendered":"https:\/\/alertasaltillo.com\/?p=19799"},"modified":"2025-09-21T19:52:17","modified_gmt":"2025-09-21T19:52:17","slug":"estamos-listos-para-arrancar-el-tren-saltillo-monterrey-manolo","status":"publish","type":"post","link":"https:\/\/alertasaltillo.com\/index.php\/2025\/09\/21\/estamos-listos-para-arrancar-el-tren-saltillo-monterrey-manolo\/","title":{"rendered":"ESTAMOS LISTOS PARA ARRANCAR EL TREN SALTILLO-MONTERREY: MANOLO"},"content":{"rendered":"\n<p>Ciudad de M\u00e9xico; a 18 de septiembre de 2025.- Manolo Jim\u00e9nez Salinas, gobernador de Coahuila, se reuni\u00f3 con Jes\u00fas Antonio Esteva Medina, titular de la Secretar\u00eda de Infraestructura, Comunicaciones y Transportes federal (SICT) con quien platic\u00f3 sobre los detalles relacionados con la construcci\u00f3n del tren de pasajeros Saltillo-Monterrey.&nbsp;&nbsp;<\/p>\n\n\n\n<p>\u201cExcelente reuni\u00f3n con el titular de la SICT, Jes\u00fas Esteva, y el titular de la Agencia Reguladora de Transporte Ferroviario, Andr\u00e9s Lajous, con quienes platicamos los detalles para iniciar la construcci\u00f3n del tren Saltillo-Monterrey. Trabajando en equipo y con gran coordinaci\u00f3n, estamos listos para arrancar esta gran obra en Coahuila\u201d, expres\u00f3 el Gobernador.<\/p>\n\n\n\n<p>Manolo Jim\u00e9nez inform\u00f3 que en esta reuni\u00f3n se revisaron los pormenores de este gran proyecto que, sin duda, abonar\u00e1 al desarrollo de Coahuila y de la regi\u00f3n Noreste del Pa\u00eds.<\/p>\n\n\n\n<p>Mencion\u00f3 que, siempre, al trabajar en equipo y coordinados entre los gobiernos federal, estatal y municipales, se tiene un mayor alcance en los resultados y los beneficios para las y los coahuilenses.<\/p>\n\n\n\n<p>Adem\u00e1s destac\u00f3 que gracias a las gestiones realizadas, se incluir\u00e1 a las empresas coahuilenses en los trabajos que se van a requerir para que la construcci\u00f3n de este tren queden en tiempo y forma.<\/p>\n\n\n\n<p>\u00abSolicitamos que esta obra se abriera a la proveedur\u00eda local para que abone a la econom\u00eda, se tenga una buena derrama y se beneficie a nuestra gente, adem\u00e1s de ofrecer garant\u00eda de calidad con nuestros productos y la mano de obra\u00bb.<\/p>\n\n\n\n<p>Jim\u00e9nez Salinas a\u00f1adi\u00f3 que parte de las obras complementarias que se tendr\u00e1n que llevar a cabo, ser\u00e1n los puentes vehiculares sobre las v\u00edas del tren en el bulevar Nazario Ortiz Garza, en Saltillo; y en la carretera Los Pinos, en Ramos Arizpe, entre otras.<\/p>\n\n\n\n<p>\u201cLas autoridades de los tres \u00f3rdenes de gobierno estamos listos para arrancar este proyecto, vamos a estar trabajando de la mano todo el tiempo\u201d, reiter\u00f3.<\/p>\n\n\n\n<p>Manolo Jim\u00e9nez puntualiz\u00f3 que en Coahuila existe seguridad, mano de obra calificada. gesti\u00f3n de grandes obras, y que nuestra entidad es de lo mejor para vivir en el pa\u00eds, porque hay un impulso importante de parte del Gobierno Estatal y de todos los sectores de la sociedad para detonar proyectos que impacten de manera positiva en la calidad de vida de las familias.<\/p>\n\n\n\n<p>Mar\u00eda B\u00e1rbara Cepeda Boehringer, secretaria de Vinculaci\u00f3n Ciudadana, Proyectos de Innovaci\u00f3n Social e Inversi\u00f3n P\u00fablico Privada, as\u00ed como los alcaldes de Saltillo y Ramos Arizpe, Javier D\u00edaz y Tom\u00e1s Guti\u00e9rrez, de manera respectiva, han estado en estrecha comunicaci\u00f3n con Andr\u00e9s Lajous Loaeza, director de la Agencia Reguladora del Transporte Ferroviario, por lo que est\u00e1n enterados de todos los detalles concernientes a este proyecto desde hace varios meses.<\/p>\n\n\n\n<p>\u201cEsto se ha logrado gracias a la coordinaci\u00f3n entre los tres \u00f3rdenes de gobierno y al impulso y las gestiones del Gobernador Manolo Jim\u00e9nez con la Presidenta para concretar grandes proyectos como este\u201d, se\u00f1al\u00f3 Cepeda Boehringer.<\/p>\n\n\n\n<p><\/p>\n","protected":false},"excerpt":{"rendered":"<p>Ciudad de M\u00e9xico; a 18 de septiembre de 2025.- Manolo Jim\u00e9nez Salinas, gobernador de Coahuila, se reuni\u00f3 con Jes\u00fas Antonio Esteva Medina, titular de la Secretar\u00eda de Infraestructura, Comunicaciones y Transportes federal (SICT) con quien platic\u00f3 sobre los detalles relacionados con la construcci\u00f3n del tren de pasajeros Saltillo-Monterrey.&nbsp;&nbsp; \u201cExcelente reuni\u00f3n con el titular de la [&hellip;]<\/p>\n","protected":false},"author":4,"featured_media":19800,"comment_status":"open","ping_status":"open","sticky":false,"template":"","format":"standard","meta":[],"categories":[4],"tags":[],"_links":{"self":[{"href":"https:\/\/alertasaltillo.com\/index.php\/wp-json\/wp\/v2\/posts\/19799"}],"collection":[{"href":"https:\/\/alertasaltillo.com\/index.php\/wp-json\/wp\/v2\/posts"}],"about":[{"href":"https:\/\/alertasaltillo.com\/index.php\/wp-json\/wp\/v2\/types\/post"}],"author":[{"embeddable":true,"href":"https:\/\/alertasaltillo.com\/index.php\/wp-json\/wp\/v2\/users\/4"}],"replies":[{"embeddable":true,"href":"https:\/\/alertasaltillo.com\/index.php\/wp-json\/wp\/v2\/comments?post=19799"}],"version-history":[{"count":1,"href":"https:\/\/alertasaltillo.com\/index.php\/wp-json\/wp\/v2\/posts\/19799\/revisions"}],"predecessor-version":[{"id":19801,"href":"https:\/\/alertasaltillo.com\/index.php\/wp-json\/wp\/v2\/posts\/19799\/revisions\/19801"}],"wp:featuredmedia":[{"embeddable":true,"href":"https:\/\/alertasaltillo.com\/index.php\/wp-json\/wp\/v2\/media\/19800"}],"wp:attachment":[{"href":"https:\/\/alertasaltillo.com\/index.php\/wp-json\/wp\/v2\/media?parent=19799"}],"wp:term":[{"taxonomy":"category","embeddable":true,"href":"https:\/\/alertasaltillo.com\/index.php\/wp-json\/wp\/v2\/categories?post=19799"},{"taxonomy":"post_tag","embeddable":true,"href":"https:\/\/alertasaltillo.com\/index.php\/wp-json\/wp\/v2\/tags?post=19799"}],"curies":[{"name":"wp","href":"https:\/\/api.w.org\/{rel}","templated":true}]}}