{"id":19762,"date":"2025-09-18T21:13:34","date_gmt":"2025-09-18T21:13:34","guid":{"rendered":"https:\/\/alertasaltillo.com\/?p=19762"},"modified":"2025-09-18T21:13:36","modified_gmt":"2025-09-18T21:13:36","slug":"sheinbaum-recibe-a-mark-carney-en-palacio-nacional","status":"publish","type":"post","link":"https:\/\/alertasaltillo.com\/index.php\/2025\/09\/18\/sheinbaum-recibe-a-mark-carney-en-palacio-nacional\/","title":{"rendered":"SHEINBAUM RECIBE A MARK CARNEY EN PALACIO NACIONAL"},"content":{"rendered":"\n<p><\/p>\n\n\n\n<h2>La mandataria sali\u00f3 a la entrada de Palacio Nacional y recibi\u00f3 al primer ministro canadiense.<\/h2>\n\n\n\n<p>En punto de las&nbsp;<strong>13:40 horas<\/strong>&nbsp;de este jueves, la presidenta<strong>&nbsp;Claudia Sheinbaum<\/strong>&nbsp;recibi\u00f3 en Palacio Nacional al primer ministro de Canad\u00e1,&nbsp;<strong>Mark Carney<\/strong>, quien realiza una visita oficial de dos d\u00edas a la Ciudad de M\u00e9xico.<\/p>\n\n\n\n<p>El premier canadiense lleg\u00f3 en su veh\u00edculo al frente de la Puerta de Honor de Palacio Nacional, donde descendi\u00f3 en compa\u00f1\u00eda de su esposa Diana Fox Carney.<\/p>\n\n\n\n<p>La presidenta Sheinbaum sali\u00f3 de Palacio Nacional, en compa\u00f1\u00eda de su esposo Jes\u00fas Mar\u00eda Tarriba y camin\u00f3 al borde de la acera, al encuentro del Primer Ministro Canadiense.<\/p>\n\n\n\n<p>Tras los saludos entre ambos jefes de Estado, ingresaron a Palacio Nacional, donde escucharon los himnos nacionales de sus respectivos pa\u00edses y posteriormente se dirigieron a la Escalera Monumental para dirigirse a las oficinas de la presidenta Sheinbaum e iniciar los trabajos oficiales de esta visita de Estado.<\/p>\n\n\n\n<p>Se espera que alrededor de las 17:00 horas se realice una rueda de prensa conjunta entre Sheinbaum y Carney.<\/p>\n\n\n\n<p>Los temas a abordar son, principalmente, comercio entre ambos pa\u00edses, la revisi\u00f3n del Tratado Comercial que comparten con los Estados Unidos, y la seguridad.<\/p>\n\n\n\n<p>Con Informaci\u00f3n tomada de EXC\u00c9LSIOR<\/p>\n\n\n\n<p><\/p>\n","protected":false},"excerpt":{"rendered":"<p>La mandataria sali\u00f3 a la entrada de Palacio Nacional y recibi\u00f3 al primer ministro canadiense. En punto de las&nbsp;13:40 horas&nbsp;de este jueves, la presidenta&nbsp;Claudia Sheinbaum&nbsp;recibi\u00f3 en Palacio Nacional al primer ministro de Canad\u00e1,&nbsp;Mark Carney, quien realiza una visita oficial de dos d\u00edas a la Ciudad de M\u00e9xico. El premier canadiense lleg\u00f3 en su veh\u00edculo al [&hellip;]<\/p>\n","protected":false},"author":4,"featured_media":19763,"comment_status":"open","ping_status":"open","sticky":false,"template":"","format":"standard","meta":[],"categories":[185],"tags":[],"_links":{"self":[{"href":"https:\/\/alertasaltillo.com\/index.php\/wp-json\/wp\/v2\/posts\/19762"}],"collection":[{"href":"https:\/\/alertasaltillo.com\/index.php\/wp-json\/wp\/v2\/posts"}],"about":[{"href":"https:\/\/alertasaltillo.com\/index.php\/wp-json\/wp\/v2\/types\/post"}],"author":[{"embeddable":true,"href":"https:\/\/alertasaltillo.com\/index.php\/wp-json\/wp\/v2\/users\/4"}],"replies":[{"embeddable":true,"href":"https:\/\/alertasaltillo.com\/index.php\/wp-json\/wp\/v2\/comments?post=19762"}],"version-history":[{"count":1,"href":"https:\/\/alertasaltillo.com\/index.php\/wp-json\/wp\/v2\/posts\/19762\/revisions"}],"predecessor-version":[{"id":19764,"href":"https:\/\/alertasaltillo.com\/index.php\/wp-json\/wp\/v2\/posts\/19762\/revisions\/19764"}],"wp:featuredmedia":[{"embeddable":true,"href":"https:\/\/alertasaltillo.com\/index.php\/wp-json\/wp\/v2\/media\/19763"}],"wp:attachment":[{"href":"https:\/\/alertasaltillo.com\/index.php\/wp-json\/wp\/v2\/media?parent=19762"}],"wp:term":[{"taxonomy":"category","embeddable":true,"href":"https:\/\/alertasaltillo.com\/index.php\/wp-json\/wp\/v2\/categories?post=19762"},{"taxonomy":"post_tag","embeddable":true,"href":"https:\/\/alertasaltillo.com\/index.php\/wp-json\/wp\/v2\/tags?post=19762"}],"curies":[{"name":"wp","href":"https:\/\/api.w.org\/{rel}","templated":true}]}}