{"id":19680,"date":"2025-09-15T01:41:02","date_gmt":"2025-09-15T01:41:02","guid":{"rendered":"https:\/\/alertasaltillo.com\/?p=19680"},"modified":"2025-09-15T01:41:05","modified_gmt":"2025-09-15T01:41:05","slug":"reiteramos-nuestra-voluntad-y-compromiso-de-trabajo-con-todos-los-colectivos-manolo","status":"publish","type":"post","link":"https:\/\/alertasaltillo.com\/index.php\/2025\/09\/15\/reiteramos-nuestra-voluntad-y-compromiso-de-trabajo-con-todos-los-colectivos-manolo\/","title":{"rendered":"REITERAMOS NUESTRA VOLUNTAD Y COMPROMISO DE TRABAJO CON TODOS LOS COLECTIVOS: MANOLO"},"content":{"rendered":"\n<p><\/p>\n\n\n\n<p>&nbsp;&nbsp;&nbsp;<em>Preside gobernador Manolo Jim\u00e9nez reuni\u00f3n plenaria con familiares de personas desaparecidas.<\/em><\/p>\n\n\n\n<p>Saltillo, Coahuila de Zaragoza; a 13 de septiembre de 2025.- El gobernador Manolo Jim\u00e9nez Salinas presidi\u00f3 la reuni\u00f3n plenaria con colectivos de familiares de personas desparecidas, en la que reiter\u00f3 su voluntad de trabajo conjunto, y la de todas las dependencias de la administraci\u00f3n que encabeza, para continuar d\u00e1ndole seguimiento puntual a los acuerdos que se tomen en este tipo de sesiones.<\/p>\n\n\n\n<p>En esta \u00faltima reuni\u00f3n estuvieron presentes representantes de los colectivos Alas de Esperanza; B\u00fascame, Buscando Desaparecidos M\u00e9xico; Caravana Internacional de B\u00fasqueda de Desaparecidos A.C.; Familias Unidas en la B\u00fasqueda y Localizaci\u00f3n de Personas Desaparecidas; Fuerzas Unidas por Nuestros Desaparecidos en Coahuila y en M\u00e9xico; Rastreador@s Nacionales de Personas Desaparecidas (RANADES); Voz que Clama Justicia por Personas Desaparecidas; V\u00edctimas por sus Derechos en Acci\u00f3n (Grupo VI.D.A.); adem\u00e1s del Centro para los Derechos Humanos Fray Juan de Larios.<\/p>\n\n\n\n<p>El Mandatario estatal instruy\u00f3 a los integrantes de su gabinete a implementar los acuerdos adoptados, atender en tiempo y forma las inquietudes y necesidades que se plantearon en esta mesa de trabajo, y mantener la cercan\u00eda y el di\u00e1logo estrecho con todos los colectivos y entre todas las dependencias de manera transversal.&nbsp;<\/p>\n\n\n\n<p>En esta reuni\u00f3n se trataron temas como el de b\u00fasqueda, visibilizaci\u00f3n, identificaci\u00f3n humana, investigaci\u00f3n y seguridad, atenci\u00f3n integral, y esquema de di\u00e1logo.&nbsp;<\/p>\n\n\n\n<p>Manolo Jim\u00e9nez agradeci\u00f3 y reconoci\u00f3 la gran labor que realiza el Grupo Aut\u00f3nomo de Trabajo (GAT) en la coordinaci\u00f3n y organizaci\u00f3n entre todos los colectivos, el Gobierno del Estado, la fiscal\u00eda, los poderes legislativo y judicial, para poder ir avanzando y concretando los temas.<\/p>\n\n\n\n<p>Manolo Jim\u00e9nez coment\u00f3 que en el pasado Consejo Nacional de Seguridad se firm\u00f3 un acuerdo nacional que tiene que ver con la implementaci\u00f3n en todos los estados del Pa\u00eds, de protocolos y l\u00edneas de acci\u00f3n relacionadas al tema de personas desaparecidas y la atenci\u00f3n o colectivos y las familias; y se destac\u00f3 el modelo Coahuila en la atenci\u00f3n al tema de personas desaparecidas, modelo que se ha venido implementando en la entidad desde hace 12 a\u00f1os y que a\u00f1o con a\u00f1o va mejorando sus mecanismos.<\/p>\n\n\n\n<p>\u201cMe da gusto que en Coahuila tengamos este modelo, este avance, esta relaci\u00f3n, esta comunicaci\u00f3n, que apenas en otros estados van a iniciar a trav\u00e9s de este acuerdo nacional\u201d, coment\u00f3.<\/p>\n\n\n\n<p>En ese sentido, agradeci\u00f3 y reconoci\u00f3 a todos los colectivos por este trabajo, por los resultados, y porque gracias a este trabajo de los colectivos se han logrado cosas importantes a lo largo de estos 12 a\u00f1os.<\/p>\n\n\n\n<p>Reiter\u00f3 su voluntad y compromiso de trabajo para seguir avanzando en todos los temas que se ponen sobre la mesa, y que son prioritarios para su gobierno.<\/p>\n","protected":false},"excerpt":{"rendered":"<p>&nbsp;&nbsp;&nbsp;Preside gobernador Manolo Jim\u00e9nez reuni\u00f3n plenaria con familiares de personas desaparecidas. Saltillo, Coahuila de Zaragoza; a 13 de septiembre de 2025.- El gobernador Manolo Jim\u00e9nez Salinas presidi\u00f3 la reuni\u00f3n plenaria con colectivos de familiares de personas desparecidas, en la que reiter\u00f3 su voluntad de trabajo conjunto, y la de todas las dependencias de la administraci\u00f3n [&hellip;]<\/p>\n","protected":false},"author":4,"featured_media":19681,"comment_status":"open","ping_status":"open","sticky":false,"template":"","format":"standard","meta":[],"categories":[4],"tags":[],"_links":{"self":[{"href":"https:\/\/alertasaltillo.com\/index.php\/wp-json\/wp\/v2\/posts\/19680"}],"collection":[{"href":"https:\/\/alertasaltillo.com\/index.php\/wp-json\/wp\/v2\/posts"}],"about":[{"href":"https:\/\/alertasaltillo.com\/index.php\/wp-json\/wp\/v2\/types\/post"}],"author":[{"embeddable":true,"href":"https:\/\/alertasaltillo.com\/index.php\/wp-json\/wp\/v2\/users\/4"}],"replies":[{"embeddable":true,"href":"https:\/\/alertasaltillo.com\/index.php\/wp-json\/wp\/v2\/comments?post=19680"}],"version-history":[{"count":1,"href":"https:\/\/alertasaltillo.com\/index.php\/wp-json\/wp\/v2\/posts\/19680\/revisions"}],"predecessor-version":[{"id":19682,"href":"https:\/\/alertasaltillo.com\/index.php\/wp-json\/wp\/v2\/posts\/19680\/revisions\/19682"}],"wp:featuredmedia":[{"embeddable":true,"href":"https:\/\/alertasaltillo.com\/index.php\/wp-json\/wp\/v2\/media\/19681"}],"wp:attachment":[{"href":"https:\/\/alertasaltillo.com\/index.php\/wp-json\/wp\/v2\/media?parent=19680"}],"wp:term":[{"taxonomy":"category","embeddable":true,"href":"https:\/\/alertasaltillo.com\/index.php\/wp-json\/wp\/v2\/categories?post=19680"},{"taxonomy":"post_tag","embeddable":true,"href":"https:\/\/alertasaltillo.com\/index.php\/wp-json\/wp\/v2\/tags?post=19680"}],"curies":[{"name":"wp","href":"https:\/\/api.w.org\/{rel}","templated":true}]}}