{"id":19512,"date":"2025-09-10T14:44:34","date_gmt":"2025-09-10T14:44:34","guid":{"rendered":"https:\/\/alertasaltillo.com\/?p=19512"},"modified":"2025-09-10T14:44:37","modified_gmt":"2025-09-10T14:44:37","slug":"muere-otro-marino","status":"publish","type":"post","link":"https:\/\/alertasaltillo.com\/index.php\/2025\/09\/10\/muere-otro-marino\/","title":{"rendered":"MUERE OTRO MARINO"},"content":{"rendered":"\n<p>La Secretar\u00eda de Marina (Semar) report\u00f3 el fallecimiento del capit\u00e1n Adri\u00e1n Omar del \u00c1ngel Z\u00fa\u00f1iga, en un presunto accidente durante una pr\u00e1ctica de tiro real en Puerto Pe\u00f1asco, Sonora.<\/p>\n\n\n\n<p>El reporte del deceso del comandante ocurre un d\u00eda despu\u00e9s de que el capit\u00e1n de nav\u00edo, Abraham Jerem\u00edas P\u00e9rez Ram\u00edrez, se quitara la vida en su oficina.<\/p>\n\n\n\n<p>A trav\u00e9s de un mensaje en una red social, la dependencia expres\u00f3 su pesar por el fallecimiento del elemento, quien estuvo en la aduana de Manzanillo, Colima, antes de ser enviado a Sonora.<\/p>\n\n\n\n<p><strong><em>\u201cLa Secretar\u00eda de Marina Armada de M\u00e9xico expresa su pesar por el fallecimiento de uno de sus elementos en Puerto Pe\u00f1asco, Sonora, durante un ejercicio de pr\u00e1ctica de tiro real y extiende sus condolencias y solidaridad absoluta a sus seres queridos, asegurando que se les otorgar\u00e1 todo el respaldo, conforme a lo establecido por la ley\u201d,<\/em><\/strong>&nbsp;indic\u00f3.<\/p>\n\n\n\n<p>Del \u00c1ngel Z\u00fa\u00f1iga estuvo encargado del puerto de Manzanillo, y seg\u00fan informaci\u00f3n de H\u00e9ctor de Maule\u00f3n, dej\u00f3 el cargo tras un \u201cacuerdo\u201d al que hab\u00eda llegado con Rafael Mar\u00edn Mollinedo, entonces titular de Aduanas y con el almirante Rafael Ojeda, ex titular de la Secretar\u00eda de Marina durante el sexenio de Andr\u00e9s Manuel L\u00f3pez Obrador.<\/p>\n\n\n\n<p>Con Informaci\u00f3n tomada de EL DIARIO DE COAHUILA<\/p>\n","protected":false},"excerpt":{"rendered":"<p>La Secretar\u00eda de Marina (Semar) report\u00f3 el fallecimiento del capit\u00e1n Adri\u00e1n Omar del \u00c1ngel Z\u00fa\u00f1iga, en un presunto accidente durante una pr\u00e1ctica de tiro real en Puerto Pe\u00f1asco, Sonora. El reporte del deceso del comandante ocurre un d\u00eda despu\u00e9s de que el capit\u00e1n de nav\u00edo, Abraham Jerem\u00edas P\u00e9rez Ram\u00edrez, se quitara la vida en su [&hellip;]<\/p>\n","protected":false},"author":4,"featured_media":19513,"comment_status":"open","ping_status":"open","sticky":false,"template":"","format":"standard","meta":[],"categories":[185],"tags":[],"_links":{"self":[{"href":"https:\/\/alertasaltillo.com\/index.php\/wp-json\/wp\/v2\/posts\/19512"}],"collection":[{"href":"https:\/\/alertasaltillo.com\/index.php\/wp-json\/wp\/v2\/posts"}],"about":[{"href":"https:\/\/alertasaltillo.com\/index.php\/wp-json\/wp\/v2\/types\/post"}],"author":[{"embeddable":true,"href":"https:\/\/alertasaltillo.com\/index.php\/wp-json\/wp\/v2\/users\/4"}],"replies":[{"embeddable":true,"href":"https:\/\/alertasaltillo.com\/index.php\/wp-json\/wp\/v2\/comments?post=19512"}],"version-history":[{"count":1,"href":"https:\/\/alertasaltillo.com\/index.php\/wp-json\/wp\/v2\/posts\/19512\/revisions"}],"predecessor-version":[{"id":19514,"href":"https:\/\/alertasaltillo.com\/index.php\/wp-json\/wp\/v2\/posts\/19512\/revisions\/19514"}],"wp:featuredmedia":[{"embeddable":true,"href":"https:\/\/alertasaltillo.com\/index.php\/wp-json\/wp\/v2\/media\/19513"}],"wp:attachment":[{"href":"https:\/\/alertasaltillo.com\/index.php\/wp-json\/wp\/v2\/media?parent=19512"}],"wp:term":[{"taxonomy":"category","embeddable":true,"href":"https:\/\/alertasaltillo.com\/index.php\/wp-json\/wp\/v2\/categories?post=19512"},{"taxonomy":"post_tag","embeddable":true,"href":"https:\/\/alertasaltillo.com\/index.php\/wp-json\/wp\/v2\/tags?post=19512"}],"curies":[{"name":"wp","href":"https:\/\/api.w.org\/{rel}","templated":true}]}}