{"id":19279,"date":"2025-09-02T22:02:08","date_gmt":"2025-09-02T22:02:08","guid":{"rendered":"https:\/\/alertasaltillo.com\/?p=19279"},"modified":"2025-09-02T22:02:11","modified_gmt":"2025-09-02T22:02:11","slug":"sin-casco-de-reversa-y-con-audifonos-se-viraliza-video-de-patinador","status":"publish","type":"post","link":"https:\/\/alertasaltillo.com\/index.php\/2025\/09\/02\/sin-casco-de-reversa-y-con-audifonos-se-viraliza-video-de-patinador\/","title":{"rendered":"SIN CASCO, DE REVERSA Y CON AUD\u00cdFONOS, SE VIRALIZA VIDEO DE PATINADOR"},"content":{"rendered":"\n<h2>Este tipo de escenas se han vuelto cada vez m\u00e1s frecuentes en la Zona Metropolitana de Monterrey<\/h2>\n\n\n\n<p>Un&nbsp;<strong><a href=\"https:\/\/www.excelsior.com.mx\/video\" target=\"_blank\" rel=\"noreferrer noopener\">video<\/a>&nbsp;grabado en Monterrey<\/strong>&nbsp;muestra a un joven patinador circulando por una avenida concurrida sin portar casco ni equipo de protecci\u00f3n, lo que gener\u00f3 preocupaci\u00f3n entre automovilistas y usuarios en redes sociales.<\/p>\n\n\n\n<p>El material, enviado por Christopher Aguilar a\u00a0<strong>ABC Noticias, fue captado a la altura del memorial Flama de la Solidaridad<\/strong>, en honor a las v\u00edctimas del hurac\u00e1n Gilberto. En las im\u00e1genes se observa al joven, a\u00fan no identificado, totalmente concentrado en mantener el equilibrio mientras se abre paso entre los veh\u00edculos.<\/p>\n\n\n\n<p>Este tipo de escenas se han vuelto cada vez m\u00e1s frecuentes en la Zona Metropolitana de Monterrey. Apenas el pasado 9 de junio, conductores captaron a una mujer desplaz\u00e1ndose en patines sobre la avenida Gonzalitos, tambi\u00e9n sin protecci\u00f3n y en riesgo de sufrir un accidente.<\/p>\n\n\n\n<p>A la par, los automovilistas tambi\u00e9n han denunciado\u00a0<strong>la circulaci\u00f3n irregular de scooters y bicicletas el\u00e9ctricas<\/strong>, que a\u00fan no cuentan con una regulaci\u00f3n municipal clara.<\/p>\n\n\n\n<p>Con Informaci\u00f3n tomada de EXC\u00c9LSIOR<\/p>\n\n\n\n<p><\/p>\n","protected":false},"excerpt":{"rendered":"<p>Este tipo de escenas se han vuelto cada vez m\u00e1s frecuentes en la Zona Metropolitana de Monterrey Un&nbsp;video&nbsp;grabado en Monterrey&nbsp;muestra a un joven patinador circulando por una avenida concurrida sin portar casco ni equipo de protecci\u00f3n, lo que gener\u00f3 preocupaci\u00f3n entre automovilistas y usuarios en redes sociales. El material, enviado por Christopher Aguilar a\u00a0ABC Noticias, [&hellip;]<\/p>\n","protected":false},"author":4,"featured_media":19280,"comment_status":"open","ping_status":"open","sticky":false,"template":"","format":"standard","meta":[],"categories":[8],"tags":[],"_links":{"self":[{"href":"https:\/\/alertasaltillo.com\/index.php\/wp-json\/wp\/v2\/posts\/19279"}],"collection":[{"href":"https:\/\/alertasaltillo.com\/index.php\/wp-json\/wp\/v2\/posts"}],"about":[{"href":"https:\/\/alertasaltillo.com\/index.php\/wp-json\/wp\/v2\/types\/post"}],"author":[{"embeddable":true,"href":"https:\/\/alertasaltillo.com\/index.php\/wp-json\/wp\/v2\/users\/4"}],"replies":[{"embeddable":true,"href":"https:\/\/alertasaltillo.com\/index.php\/wp-json\/wp\/v2\/comments?post=19279"}],"version-history":[{"count":1,"href":"https:\/\/alertasaltillo.com\/index.php\/wp-json\/wp\/v2\/posts\/19279\/revisions"}],"predecessor-version":[{"id":19281,"href":"https:\/\/alertasaltillo.com\/index.php\/wp-json\/wp\/v2\/posts\/19279\/revisions\/19281"}],"wp:featuredmedia":[{"embeddable":true,"href":"https:\/\/alertasaltillo.com\/index.php\/wp-json\/wp\/v2\/media\/19280"}],"wp:attachment":[{"href":"https:\/\/alertasaltillo.com\/index.php\/wp-json\/wp\/v2\/media?parent=19279"}],"wp:term":[{"taxonomy":"category","embeddable":true,"href":"https:\/\/alertasaltillo.com\/index.php\/wp-json\/wp\/v2\/categories?post=19279"},{"taxonomy":"post_tag","embeddable":true,"href":"https:\/\/alertasaltillo.com\/index.php\/wp-json\/wp\/v2\/tags?post=19279"}],"curies":[{"name":"wp","href":"https:\/\/api.w.org\/{rel}","templated":true}]}}