{"id":19054,"date":"2025-08-26T14:05:27","date_gmt":"2025-08-26T14:05:27","guid":{"rendered":"https:\/\/alertasaltillo.com\/?p=19054"},"modified":"2025-08-26T14:05:29","modified_gmt":"2025-08-26T14:05:29","slug":"gracias-sufre-una-de-sus-mayores-catastrofes-medioambientales-por-incendio-gobierno","status":"publish","type":"post","link":"https:\/\/alertasaltillo.com\/index.php\/2025\/08\/26\/gracias-sufre-una-de-sus-mayores-catastrofes-medioambientales-por-incendio-gobierno\/","title":{"rendered":"GRACIAS SUFRE UNA DE SUS MAYORES CAT\u00c1STROFES MEDIOAMBIENTALES POR INCENDIO: GOBIERNO"},"content":{"rendered":"\n<p><\/p>\n\n\n\n<p>Los incendios en Espa\u00f1a han dejado al menos 4 personas muertas y m\u00e1s de 350 mil hect\u00e1reas quemadas<\/p>\n\n\n\n<p>Los&nbsp;<strong>incendios forestales<\/strong>&nbsp;que han asolado a&nbsp;<a rel=\"noreferrer noopener\" href=\"https:\/\/oem.com.mx\/elsoldemexico\/mundo\/espana-combate-sin-tregua-mas-de-20-incendios-en-el-ano-de-mayor-devastacion-por-el-fuego-25281794\" target=\"_blank\"><strong>Espa\u00f1a<\/strong><\/a>en las \u00faltimas semanas constituyen \u201cuna de las mayores&nbsp;<strong>cat\u00e1strofes medioambientales<\/strong>\u201d que ha sufrido el pa\u00eds en a\u00f1os recientes, afirm\u00f3 el Gobierno, que aprob\u00f3 este martes una directiva para&nbsp;<strong>agilizar recursos para los afectados<\/strong>.<\/p>\n\n\n\n<p>Con&nbsp;<strong>15 grandes incendios todav\u00eda activos<\/strong>, \u201ces evidente que estamos ante una de las mayores cat\u00e1strofes medioambientales de los \u00faltimos a\u00f1os\u201d, indic\u00f3 en rueda de prensa tras un consejo de ministros el ministro del Interior, Fernando Grande-Marlaska.<\/p>\n\n\n\n<p>\u201cLos\u00a0<strong>da\u00f1os personales en infraestructuras<\/strong>\u00a0y en<strong>\u00a0bienes p\u00fablicos y privados<\/strong>, sin duda alguna, son elevados\u201d, continu\u00f3 el ministro al referirse a los fuegos que han dejado cuatro muertos y m\u00e1s de 350 mil hect\u00e1reas quemadas en las \u00faltimas<\/p>\n\n\n\n<p>El Gobierno aprob\u00f3 este martes una declaraci\u00f3n de<strong>&nbsp;zona catastr\u00f3fica para los territorios afectados<\/strong>, lo que permitir\u00e1 agilizar recursos mediante ayudas directas, exenciones fiscales y otras medidas, seg\u00fan Grande-Marlaska.<\/p>\n\n\n\n<p>\u201cPara que se puedan hacer una idea de la magnitud de la tragedia, la declaraci\u00f3n de zonas afectadas (&#8230;) abarca a 16\u201d de las 17 regiones que tiene Espa\u00f1a, se\u00f1al\u00f3, el ministro, que agreg\u00f3 que tambi\u00e9n se incluyen zonas afectadas por&nbsp;<strong>lluvias e inundaciones<\/strong>&nbsp;en las \u00faltimas semanas.<\/p>\n\n\n\n<p>Por otro lado, el Gobierno del socialista Pedro S\u00e1nchez rechaz\u00f3 las cr\u00edticas del Partido Popular (PP, derecha), el principal de oposici\u00f3n, que lo acus\u00f3 de haberse tardado en dar&nbsp;<strong>ayuda para combatir los fuegos<\/strong>&nbsp;a las regiones, que en Espa\u00f1a detentan las&nbsp;<strong>competencias para luchar contra las cat\u00e1strofes<\/strong>.<\/p>\n\n\n\n<p>Precisamente las regiones m\u00e1s afectadas han sido Castilla y Le\u00f3n, Extremadura y Galicia, gobernadas por el PP.<\/p>\n\n\n\n<p>Grande-Marlaska asegur\u00f3 que el Gobierno ha activado \u201ctodos los medios estatales disponibles\u201d y ha contado con la ayuda de efectivos de otros pa\u00edses.<\/p>\n\n\n\n<p>Con Informaci\u00f3n tomada de EL SOL DE M\u00c9XICO<\/p>\n","protected":false},"excerpt":{"rendered":"<p>Los incendios en Espa\u00f1a han dejado al menos 4 personas muertas y m\u00e1s de 350 mil hect\u00e1reas quemadas Los&nbsp;incendios forestales&nbsp;que han asolado a&nbsp;Espa\u00f1aen las \u00faltimas semanas constituyen \u201cuna de las mayores&nbsp;cat\u00e1strofes medioambientales\u201d que ha sufrido el pa\u00eds en a\u00f1os recientes, afirm\u00f3 el Gobierno, que aprob\u00f3 este martes una directiva para&nbsp;agilizar recursos para los afectados. Con&nbsp;15 [&hellip;]<\/p>\n","protected":false},"author":4,"featured_media":19055,"comment_status":"open","ping_status":"open","sticky":false,"template":"","format":"standard","meta":[],"categories":[186],"tags":[],"_links":{"self":[{"href":"https:\/\/alertasaltillo.com\/index.php\/wp-json\/wp\/v2\/posts\/19054"}],"collection":[{"href":"https:\/\/alertasaltillo.com\/index.php\/wp-json\/wp\/v2\/posts"}],"about":[{"href":"https:\/\/alertasaltillo.com\/index.php\/wp-json\/wp\/v2\/types\/post"}],"author":[{"embeddable":true,"href":"https:\/\/alertasaltillo.com\/index.php\/wp-json\/wp\/v2\/users\/4"}],"replies":[{"embeddable":true,"href":"https:\/\/alertasaltillo.com\/index.php\/wp-json\/wp\/v2\/comments?post=19054"}],"version-history":[{"count":1,"href":"https:\/\/alertasaltillo.com\/index.php\/wp-json\/wp\/v2\/posts\/19054\/revisions"}],"predecessor-version":[{"id":19056,"href":"https:\/\/alertasaltillo.com\/index.php\/wp-json\/wp\/v2\/posts\/19054\/revisions\/19056"}],"wp:featuredmedia":[{"embeddable":true,"href":"https:\/\/alertasaltillo.com\/index.php\/wp-json\/wp\/v2\/media\/19055"}],"wp:attachment":[{"href":"https:\/\/alertasaltillo.com\/index.php\/wp-json\/wp\/v2\/media?parent=19054"}],"wp:term":[{"taxonomy":"category","embeddable":true,"href":"https:\/\/alertasaltillo.com\/index.php\/wp-json\/wp\/v2\/categories?post=19054"},{"taxonomy":"post_tag","embeddable":true,"href":"https:\/\/alertasaltillo.com\/index.php\/wp-json\/wp\/v2\/tags?post=19054"}],"curies":[{"name":"wp","href":"https:\/\/api.w.org\/{rel}","templated":true}]}}