{"id":18860,"date":"2025-08-14T19:26:17","date_gmt":"2025-08-14T19:26:17","guid":{"rendered":"https:\/\/alertasaltillo.com\/?p=18860"},"modified":"2025-08-14T19:26:23","modified_gmt":"2025-08-14T19:26:23","slug":"no-fue-por-limosna-familiares-revelan-por-que-un-hombre-sin-hogar-mato-a-esteban-de-19-anos-cuando-paseaba-a-su-perro","status":"publish","type":"post","link":"https:\/\/alertasaltillo.com\/index.php\/2025\/08\/14\/no-fue-por-limosna-familiares-revelan-por-que-un-hombre-sin-hogar-mato-a-esteban-de-19-anos-cuando-paseaba-a-su-perro\/","title":{"rendered":"NO FUE POR LIMOSNA: FAMILIARES REVELAN POR QU\u00c9 UN HOMBRE SIN HOGAR MAT\u00d3 A ESTEBAN DE 19 A\u00d1OS, CUANDO PASEABA A SU PERRO"},"content":{"rendered":"\n<p>Luego de difundirse el video en el que el agresor, de 70 a\u00f1os. apu\u00f1ala al joven en plena v\u00eda p\u00fablica, se revel\u00f3 que vecinos hab\u00edan denunciado al hombre por actitudes violentas previas<\/p>\n\n\n\n<p>La familia de Esteban Yepes Palacio, el&nbsp;<a href=\"https:\/\/heraldodemexico.com.mx\/mundo\/2025\/8\/12\/esteban-de-19-anos-saco-pasear-su-perro-un-hombre-en-situacion-de-calle-lo-mato-por-no-darle-limosna-video-721997.html\" target=\"_blank\" rel=\"noreferrer noopener\">joven de 19 a\u00f1os asesinado el pasado 11 de agosto<\/a>&nbsp;en el barrio Villa Paula de Itag\u00fc\u00ed, Colombia, ha revelado una nueva hip\u00f3tesis sobre<strong>&nbsp;el motivo del brutal ataque&nbsp;<\/strong>que le cost\u00f3 la vida al adolescente.&nbsp;Contrario a la versi\u00f3n inicial que circulaba en redes sociales y medios locales, donde se atribu\u00eda el crimen a la&nbsp;<strong>negativa de Esteban de dar limosna<\/strong>&nbsp;a un habitante de calle, sus familiares aseguran que el detonante fue una agresi\u00f3n previa del agresor contra el perro de la v\u00edctima.&nbsp;<\/p>\n\n\n\n<p>El hecho ocurri\u00f3 alrededor de las 9:00 de la ma\u00f1ana del pasado lunes, cuando\u00a0<strong>Esteban sali\u00f3 de su casa para pasear a su mascota<\/strong>\u00a0y dirigirse a\u00a0<a href=\"https:\/\/heraldodemexico.com.mx\/nacional\/2025\/8\/13\/perrito-que-era-cruelmente-maltratado-es-rescatado-en-culiacan-por-fundacion-balto-togo-722158.html\" target=\"_blank\" rel=\"noreferrer noopener\">una veterinaria<\/a>\u00a0por un encargo de su madre.\u00a0<\/p>\n\n\n\n<p>Seg\u00fan el relato de<strong>\u00a0Viviana Yepes,<\/strong>\u00a0hermana de la v\u00edctima, compartido en una entrevista con el medio regional Mi Oriente, el agresor, identificado como\u00a0<strong>William de Jes\u00fas Cadavid<\/strong>, de 77 a\u00f1os y en situaci\u00f3n de calle, inici\u00f3 el conflicto\u00a0<strong>al propinarle una patada al perro<\/strong>.\u00a0<\/p>\n\n\n\n<p>Con Informaci\u00f3n tomada de EL HERALDO DE SALTILLO<\/p>\n\n\n\n<p><\/p>\n","protected":false},"excerpt":{"rendered":"<p>Luego de difundirse el video en el que el agresor, de 70 a\u00f1os. apu\u00f1ala al joven en plena v\u00eda p\u00fablica, se revel\u00f3 que vecinos hab\u00edan denunciado al hombre por actitudes violentas previas La familia de Esteban Yepes Palacio, el&nbsp;joven de 19 a\u00f1os asesinado el pasado 11 de agosto&nbsp;en el barrio Villa Paula de Itag\u00fc\u00ed, Colombia, [&hellip;]<\/p>\n","protected":false},"author":4,"featured_media":18861,"comment_status":"open","ping_status":"open","sticky":false,"template":"","format":"standard","meta":[],"categories":[8],"tags":[],"_links":{"self":[{"href":"https:\/\/alertasaltillo.com\/index.php\/wp-json\/wp\/v2\/posts\/18860"}],"collection":[{"href":"https:\/\/alertasaltillo.com\/index.php\/wp-json\/wp\/v2\/posts"}],"about":[{"href":"https:\/\/alertasaltillo.com\/index.php\/wp-json\/wp\/v2\/types\/post"}],"author":[{"embeddable":true,"href":"https:\/\/alertasaltillo.com\/index.php\/wp-json\/wp\/v2\/users\/4"}],"replies":[{"embeddable":true,"href":"https:\/\/alertasaltillo.com\/index.php\/wp-json\/wp\/v2\/comments?post=18860"}],"version-history":[{"count":1,"href":"https:\/\/alertasaltillo.com\/index.php\/wp-json\/wp\/v2\/posts\/18860\/revisions"}],"predecessor-version":[{"id":18862,"href":"https:\/\/alertasaltillo.com\/index.php\/wp-json\/wp\/v2\/posts\/18860\/revisions\/18862"}],"wp:featuredmedia":[{"embeddable":true,"href":"https:\/\/alertasaltillo.com\/index.php\/wp-json\/wp\/v2\/media\/18861"}],"wp:attachment":[{"href":"https:\/\/alertasaltillo.com\/index.php\/wp-json\/wp\/v2\/media?parent=18860"}],"wp:term":[{"taxonomy":"category","embeddable":true,"href":"https:\/\/alertasaltillo.com\/index.php\/wp-json\/wp\/v2\/categories?post=18860"},{"taxonomy":"post_tag","embeddable":true,"href":"https:\/\/alertasaltillo.com\/index.php\/wp-json\/wp\/v2\/tags?post=18860"}],"curies":[{"name":"wp","href":"https:\/\/api.w.org\/{rel}","templated":true}]}}