{"id":18830,"date":"2025-08-14T14:09:34","date_gmt":"2025-08-14T14:09:34","guid":{"rendered":"https:\/\/alertasaltillo.com\/?p=18830"},"modified":"2025-08-14T14:09:39","modified_gmt":"2025-08-14T14:09:39","slug":"detienen-a-asaltantes-que-robaban-supermercados-con-machetes-y-fusiles-simulados","status":"publish","type":"post","link":"https:\/\/alertasaltillo.com\/index.php\/2025\/08\/14\/detienen-a-asaltantes-que-robaban-supermercados-con-machetes-y-fusiles-simulados\/","title":{"rendered":"DETIENEN A ASALTANTES QUE ROBABAN SUPERMERCADOS CON MACHETES Y FUSILES SIMULADOS"},"content":{"rendered":"\n<p><\/p>\n\n\n\n<h2>La Guardia Civil de Espa\u00f1a detuvo a tres personas que planificaban, con horario y afluencia, asaltos en varios supermercados en M\u00e1laga, Espa\u00f1a.<\/h2>\n\n\n\n<p>La Guardia Civil de Espa\u00f1a desarticul\u00f3 en M\u00e1laga a un grupo criminal que asaltaba supermercados con machetes y fusiles de asalto simulados,<strong>\u00a0un \u201carsenal\u201d falso que no evit\u00f3 el p\u00e1nico entre empleados y clientes.<\/strong>\u00a0La investigaci\u00f3n \u2014bautizada como operaci\u00f3n \u00abGuamparas\u00bb\u2014 arranc\u00f3 a principios de junio tras un atraco en Co\u00edn y culmin\u00f3 con tres detenidos sorprendidos in fraganti mientras irrump\u00edan en otro establecimiento de ese municipio. Un registro en C\u00e1rtama permiti\u00f3 localizar efectos y armas usadas en los robos cometidos entre junio y julio.<\/p>\n\n\n\n<p><\/p>\n\n\n\n<p>Los asaltantes estudiaban y vigilaban los comercios antes de actuar y eleg\u00edan el tramo final del horario comercial para hacerse con la recaudaci\u00f3n diaria.\u00a0<strong>Dos de ellos acced\u00edan con pasamonta\u00f1as, exhibiendo armas de fuego simuladas y machetes \u201cde grandes dimensiones\u201d,<\/strong>\u00a0y no dudaban en emplear violencia e intimidaci\u00f3n para forzar la entrega del efectivo de las cajas. Un tercer integrante aguardaba en el exterior dentro de un coche con matr\u00edculas falsas para asegurar la huida.<\/p>\n\n\n\n<p>Con Informaci\u00f3n tomada de EXC\u00c9LSIOR<\/p>\n\n\n\n<p><\/p>\n","protected":false},"excerpt":{"rendered":"<p>La Guardia Civil de Espa\u00f1a detuvo a tres personas que planificaban, con horario y afluencia, asaltos en varios supermercados en M\u00e1laga, Espa\u00f1a. La Guardia Civil de Espa\u00f1a desarticul\u00f3 en M\u00e1laga a un grupo criminal que asaltaba supermercados con machetes y fusiles de asalto simulados,\u00a0un \u201carsenal\u201d falso que no evit\u00f3 el p\u00e1nico entre empleados y clientes.\u00a0La [&hellip;]<\/p>\n","protected":false},"author":4,"featured_media":18831,"comment_status":"open","ping_status":"open","sticky":false,"template":"","format":"standard","meta":[],"categories":[8],"tags":[],"_links":{"self":[{"href":"https:\/\/alertasaltillo.com\/index.php\/wp-json\/wp\/v2\/posts\/18830"}],"collection":[{"href":"https:\/\/alertasaltillo.com\/index.php\/wp-json\/wp\/v2\/posts"}],"about":[{"href":"https:\/\/alertasaltillo.com\/index.php\/wp-json\/wp\/v2\/types\/post"}],"author":[{"embeddable":true,"href":"https:\/\/alertasaltillo.com\/index.php\/wp-json\/wp\/v2\/users\/4"}],"replies":[{"embeddable":true,"href":"https:\/\/alertasaltillo.com\/index.php\/wp-json\/wp\/v2\/comments?post=18830"}],"version-history":[{"count":1,"href":"https:\/\/alertasaltillo.com\/index.php\/wp-json\/wp\/v2\/posts\/18830\/revisions"}],"predecessor-version":[{"id":18832,"href":"https:\/\/alertasaltillo.com\/index.php\/wp-json\/wp\/v2\/posts\/18830\/revisions\/18832"}],"wp:featuredmedia":[{"embeddable":true,"href":"https:\/\/alertasaltillo.com\/index.php\/wp-json\/wp\/v2\/media\/18831"}],"wp:attachment":[{"href":"https:\/\/alertasaltillo.com\/index.php\/wp-json\/wp\/v2\/media?parent=18830"}],"wp:term":[{"taxonomy":"category","embeddable":true,"href":"https:\/\/alertasaltillo.com\/index.php\/wp-json\/wp\/v2\/categories?post=18830"},{"taxonomy":"post_tag","embeddable":true,"href":"https:\/\/alertasaltillo.com\/index.php\/wp-json\/wp\/v2\/tags?post=18830"}],"curies":[{"name":"wp","href":"https:\/\/api.w.org\/{rel}","templated":true}]}}