{"id":18647,"date":"2025-08-05T01:37:51","date_gmt":"2025-08-05T01:37:51","guid":{"rendered":"https:\/\/alertasaltillo.com\/?p=18647"},"modified":"2025-08-05T01:37:55","modified_gmt":"2025-08-05T01:37:55","slug":"ejecutan-a-delegado-de-la-fiscalia-general-de-la-republica-en-tamaulipas","status":"publish","type":"post","link":"https:\/\/alertasaltillo.com\/index.php\/2025\/08\/05\/ejecutan-a-delegado-de-la-fiscalia-general-de-la-republica-en-tamaulipas\/","title":{"rendered":"EJECUTAN A DELEGADO DE LA FISCAL\u00cdA GENERAL DE LA REP\u00daBLICA EN TAMAULIPAS"},"content":{"rendered":"\n<p><\/p>\n\n\n\n<p>Ernesto V\u00e1zquez, quien se desempe\u00f1aba como delegado de la dependencia federal, fue ultimado en calles de Reynosa<\/p>\n\n\n\n<p>El delegado de la&nbsp;<strong>Fiscal\u00eda General de la Rep\u00fablica<\/strong>&nbsp;en Tamaulipas, Ernesto V\u00e1zquez, habr\u00eda sido asesinado la tarde de este 4 de agosto en el Bulevar Hidalgo, a la altura de Plaza Engrei, durante una violenta persecuci\u00f3n.<\/p>\n\n\n\n<p>Seg\u00fan los primeros reportes, sujetos armados interceptaron al funcionario federal, lo persiguieron y lo ejecutaron a&nbsp;<strong>balazos<\/strong>. Tras consumar el ataque, los agresores incendiaron la camioneta Cadillac Escalade negra en la que se trasladaba.<\/p>\n\n\n\n<p>El crimen deton\u00f3 una serie de enfrentamientos, bloqueos y persecuciones en distintos sectores de la\u00a0<strong>ciudad<\/strong>, como Jarachina Norte y Sur, el bulevar Mil Cumbres, el Viaducto Reynosa y otras zonas estrat\u00e9gicas, sumiendo a la poblaci\u00f3n en el temor y la incertidumbre.<\/p>\n\n\n\n<p>\u201cDerivado de los hechos en que perdiera la vida una persona presumiblemente servidor p\u00fablico federal, cuyo veh\u00edculo se incendi\u00f3 en el Bulevar Hidalgo en la ciudad de Reynosa, se ha establecido coordinaci\u00f3n con la Fiscal\u00eda General de la Rep\u00fablica para colaborar en las investigaciones en lo que se requiera\u201d, detall\u00f3 la\u00a0<strong>Fiscal\u00eda General del Estado de Tamaulipas<\/strong>.<\/p>\n\n\n\n<p>Con Informaci\u00f3n tomada de EL HERALDO DE M\u00c9XICO<\/p>\n","protected":false},"excerpt":{"rendered":"<p>Ernesto V\u00e1zquez, quien se desempe\u00f1aba como delegado de la dependencia federal, fue ultimado en calles de Reynosa El delegado de la&nbsp;Fiscal\u00eda General de la Rep\u00fablica&nbsp;en Tamaulipas, Ernesto V\u00e1zquez, habr\u00eda sido asesinado la tarde de este 4 de agosto en el Bulevar Hidalgo, a la altura de Plaza Engrei, durante una violenta persecuci\u00f3n. Seg\u00fan los primeros [&hellip;]<\/p>\n","protected":false},"author":4,"featured_media":18648,"comment_status":"open","ping_status":"open","sticky":false,"template":"","format":"standard","meta":[],"categories":[185],"tags":[],"_links":{"self":[{"href":"https:\/\/alertasaltillo.com\/index.php\/wp-json\/wp\/v2\/posts\/18647"}],"collection":[{"href":"https:\/\/alertasaltillo.com\/index.php\/wp-json\/wp\/v2\/posts"}],"about":[{"href":"https:\/\/alertasaltillo.com\/index.php\/wp-json\/wp\/v2\/types\/post"}],"author":[{"embeddable":true,"href":"https:\/\/alertasaltillo.com\/index.php\/wp-json\/wp\/v2\/users\/4"}],"replies":[{"embeddable":true,"href":"https:\/\/alertasaltillo.com\/index.php\/wp-json\/wp\/v2\/comments?post=18647"}],"version-history":[{"count":1,"href":"https:\/\/alertasaltillo.com\/index.php\/wp-json\/wp\/v2\/posts\/18647\/revisions"}],"predecessor-version":[{"id":18649,"href":"https:\/\/alertasaltillo.com\/index.php\/wp-json\/wp\/v2\/posts\/18647\/revisions\/18649"}],"wp:featuredmedia":[{"embeddable":true,"href":"https:\/\/alertasaltillo.com\/index.php\/wp-json\/wp\/v2\/media\/18648"}],"wp:attachment":[{"href":"https:\/\/alertasaltillo.com\/index.php\/wp-json\/wp\/v2\/media?parent=18647"}],"wp:term":[{"taxonomy":"category","embeddable":true,"href":"https:\/\/alertasaltillo.com\/index.php\/wp-json\/wp\/v2\/categories?post=18647"},{"taxonomy":"post_tag","embeddable":true,"href":"https:\/\/alertasaltillo.com\/index.php\/wp-json\/wp\/v2\/tags?post=18647"}],"curies":[{"name":"wp","href":"https:\/\/api.w.org\/{rel}","templated":true}]}}