{"id":18602,"date":"2025-08-03T14:42:48","date_gmt":"2025-08-03T14:42:48","guid":{"rendered":"https:\/\/alertasaltillo.com\/?p=18602"},"modified":"2025-08-03T14:42:50","modified_gmt":"2025-08-03T14:42:50","slug":"se-registra-motin-en-el-penal-de-tuxpan-veracruz","status":"publish","type":"post","link":"https:\/\/alertasaltillo.com\/index.php\/2025\/08\/03\/se-registra-motin-en-el-penal-de-tuxpan-veracruz\/","title":{"rendered":"SE REGISTRA MOT\u00cdN EN EL PENAL DE TUXPAN, VERACRUZ"},"content":{"rendered":"\n<p>En redes sociales circulan videos en los que se observa fuego al interior del centro penitenciario<\/p>\n\n\n\n<p>Un\u00a0<strong>mot\u00edn\u00a0<\/strong>se registr\u00f3 este s\u00e1bado 2 de agosto al interior del Centro de Reinserci\u00f3n Social (Cereso) de\u00a0<strong>Tuxpan<\/strong>, ubicado en la carretera de Tuxpan &#8211; Tamiahua, en\u00a0<strong>Veracruz<\/strong>.<\/p>\n\n\n\n<p>En redes sociales circulan videos en los que se observa fuego al interior del penal. De acuerdo con la informaci\u00f3n preliminar, los reclusos habr\u00edan provocado\u00a0<strong>disturbios\u00a0<\/strong>para exigir la presencia de medios de comunicaci\u00f3n por presuntos\u00a0<strong>abusos<\/strong>.<\/p>\n\n\n\n<p>Familiares de las personas privadas de la libertad han comenzado a subir videos en los que solicitaron el apoyo de las autoridades de seguridad para verificar el\u00a0<strong>estado de salud<\/strong>\u00a0de las personas que se encuentran al interior del penal.<\/p>\n\n\n\n<p>Adem\u00e1s, los primeros reportes refieren que los reclusos estar\u00edan acusando presuntos abusos, cobro de piso y extorsiones por parte del\u00a0<strong>Grupo Sombra<\/strong>, c\u00e9lula del C\u00e1rtel del Golfo que opera en el estado.<\/p>\n\n\n\n<p>Con Informaci\u00f3n tomada de INFOBAE<\/p>\n","protected":false},"excerpt":{"rendered":"<p>En redes sociales circulan videos en los que se observa fuego al interior del centro penitenciario Un\u00a0mot\u00edn\u00a0se registr\u00f3 este s\u00e1bado 2 de agosto al interior del Centro de Reinserci\u00f3n Social (Cereso) de\u00a0Tuxpan, ubicado en la carretera de Tuxpan &#8211; Tamiahua, en\u00a0Veracruz. En redes sociales circulan videos en los que se observa fuego al interior del [&hellip;]<\/p>\n","protected":false},"author":4,"featured_media":18603,"comment_status":"open","ping_status":"open","sticky":false,"template":"","format":"standard","meta":[],"categories":[185],"tags":[],"_links":{"self":[{"href":"https:\/\/alertasaltillo.com\/index.php\/wp-json\/wp\/v2\/posts\/18602"}],"collection":[{"href":"https:\/\/alertasaltillo.com\/index.php\/wp-json\/wp\/v2\/posts"}],"about":[{"href":"https:\/\/alertasaltillo.com\/index.php\/wp-json\/wp\/v2\/types\/post"}],"author":[{"embeddable":true,"href":"https:\/\/alertasaltillo.com\/index.php\/wp-json\/wp\/v2\/users\/4"}],"replies":[{"embeddable":true,"href":"https:\/\/alertasaltillo.com\/index.php\/wp-json\/wp\/v2\/comments?post=18602"}],"version-history":[{"count":1,"href":"https:\/\/alertasaltillo.com\/index.php\/wp-json\/wp\/v2\/posts\/18602\/revisions"}],"predecessor-version":[{"id":18604,"href":"https:\/\/alertasaltillo.com\/index.php\/wp-json\/wp\/v2\/posts\/18602\/revisions\/18604"}],"wp:featuredmedia":[{"embeddable":true,"href":"https:\/\/alertasaltillo.com\/index.php\/wp-json\/wp\/v2\/media\/18603"}],"wp:attachment":[{"href":"https:\/\/alertasaltillo.com\/index.php\/wp-json\/wp\/v2\/media?parent=18602"}],"wp:term":[{"taxonomy":"category","embeddable":true,"href":"https:\/\/alertasaltillo.com\/index.php\/wp-json\/wp\/v2\/categories?post=18602"},{"taxonomy":"post_tag","embeddable":true,"href":"https:\/\/alertasaltillo.com\/index.php\/wp-json\/wp\/v2\/tags?post=18602"}],"curies":[{"name":"wp","href":"https:\/\/api.w.org\/{rel}","templated":true}]}}