{"id":18596,"date":"2025-08-03T14:22:57","date_gmt":"2025-08-03T14:22:57","guid":{"rendered":"https:\/\/alertasaltillo.com\/?p=18596"},"modified":"2025-08-03T14:22:57","modified_gmt":"2025-08-03T14:22:57","slug":"sismo-de-5-grados-sorprende-a-oaxaca-capital-por-activacion-tardia-de-la-alerta-sismica-su-epicentro-en-tlacolula","status":"publish","type":"post","link":"https:\/\/alertasaltillo.com\/index.php\/2025\/08\/03\/sismo-de-5-grados-sorprende-a-oaxaca-capital-por-activacion-tardia-de-la-alerta-sismica-su-epicentro-en-tlacolula\/","title":{"rendered":"SISMO DE 5 GRADOS SORPRENDE A OAXACA CAPITAL POR ACTIVACI\u00d3N TARD\u00cdA DE LA ALERTA S\u00cdSMICA; SU EPICENTRO, EN #TLACOLULA"},"content":{"rendered":"\n<p>Un sismo de magnitud 5.9, con epicentro en Tlacolula de Matamoros, municipio de la regi\u00f3n del Valle de Oaxaca, sorprendi\u00f3 a los habitantes de Oaxaca de Ju\u00e1rez minutos antes del mediod\u00eda de este s\u00e1bado 2 de agosto de 2025. De acuerdo con el Servicio Sismol\u00f3gico Nacional (SSN), el movimiento tel\u00farico provoc\u00f3 la evacuaci\u00f3n inmediata de cientos de personas de edificios y casonas patrimoniales en el centro hist\u00f3rico de la ciudad capital. La intensidad del sismo, que se percibi\u00f3 con mayor fuerza de lo reportado, gener\u00f3 escenas de p\u00e1nico entre la poblaci\u00f3n, especialmente porque la alerta s\u00edsmica no se activ\u00f3 de manera oportuna.<\/p>\n\n\n\n<p>En el emblem\u00e1tico Andador Tur\u00edstico de Oaxaca de Ju\u00e1rez, una persona result\u00f3 lesionada debido al desplome de una cornisa, seg\u00fan reportes preliminares. La v\u00edctima recibi\u00f3 atenci\u00f3n m\u00e9dica inmediata y, hasta el momento, no se reportan heridas de gravedad. Las autoridades locales confirmaron que el incidente no deriv\u00f3 en mayores afectaciones humanas, pero el suceso puso en evidencia la vulnerabilidad de algunas estructuras hist\u00f3ricas ante movimientos s\u00edsmicos.<\/p>\n\n\n\n<p>Reportes difundidos en redes sociales se\u00f1alan que el sismo caus\u00f3 un derrumbe en el Cerro del Fort\u00edn, un \u00e1rea ic\u00f3nica de la ciudad. Hasta el cierre de esta nota, no se han reportado personas heridas ni da\u00f1os materiales significativos asociados con este evento. Sin embargo, la percepci\u00f3n de los habitantes fue que la sacudida fue m\u00e1s intensa de lo indicado por los 5.9 grados reportados por el Sismol\u00f3gico Nacional, lo que increment\u00f3 la incertidumbre en la poblaci\u00f3n.<\/p>\n\n\n\n<p>Con Informaci\u00f3n tomada de TIEMPO DIGITAL.MX<\/p>\n","protected":false},"excerpt":{"rendered":"<p>Un sismo de magnitud 5.9, con epicentro en Tlacolula de Matamoros, municipio de la regi\u00f3n del Valle de Oaxaca, sorprendi\u00f3 a los habitantes de Oaxaca de Ju\u00e1rez minutos antes del mediod\u00eda de este s\u00e1bado 2 de agosto de 2025. De acuerdo con el Servicio Sismol\u00f3gico Nacional (SSN), el movimiento tel\u00farico provoc\u00f3 la evacuaci\u00f3n inmediata de [&hellip;]<\/p>\n","protected":false},"author":4,"featured_media":18597,"comment_status":"open","ping_status":"open","sticky":false,"template":"","format":"standard","meta":[],"categories":[185],"tags":[],"_links":{"self":[{"href":"https:\/\/alertasaltillo.com\/index.php\/wp-json\/wp\/v2\/posts\/18596"}],"collection":[{"href":"https:\/\/alertasaltillo.com\/index.php\/wp-json\/wp\/v2\/posts"}],"about":[{"href":"https:\/\/alertasaltillo.com\/index.php\/wp-json\/wp\/v2\/types\/post"}],"author":[{"embeddable":true,"href":"https:\/\/alertasaltillo.com\/index.php\/wp-json\/wp\/v2\/users\/4"}],"replies":[{"embeddable":true,"href":"https:\/\/alertasaltillo.com\/index.php\/wp-json\/wp\/v2\/comments?post=18596"}],"version-history":[{"count":1,"href":"https:\/\/alertasaltillo.com\/index.php\/wp-json\/wp\/v2\/posts\/18596\/revisions"}],"predecessor-version":[{"id":18598,"href":"https:\/\/alertasaltillo.com\/index.php\/wp-json\/wp\/v2\/posts\/18596\/revisions\/18598"}],"wp:featuredmedia":[{"embeddable":true,"href":"https:\/\/alertasaltillo.com\/index.php\/wp-json\/wp\/v2\/media\/18597"}],"wp:attachment":[{"href":"https:\/\/alertasaltillo.com\/index.php\/wp-json\/wp\/v2\/media?parent=18596"}],"wp:term":[{"taxonomy":"category","embeddable":true,"href":"https:\/\/alertasaltillo.com\/index.php\/wp-json\/wp\/v2\/categories?post=18596"},{"taxonomy":"post_tag","embeddable":true,"href":"https:\/\/alertasaltillo.com\/index.php\/wp-json\/wp\/v2\/tags?post=18596"}],"curies":[{"name":"wp","href":"https:\/\/api.w.org\/{rel}","templated":true}]}}