{"id":18488,"date":"2025-07-26T14:14:09","date_gmt":"2025-07-26T14:14:09","guid":{"rendered":"https:\/\/alertasaltillo.com\/?p=18488"},"modified":"2025-07-26T14:14:12","modified_gmt":"2025-07-26T14:14:12","slug":"caen-dos-responsables-del-asesinato-de-irma-hernandez","status":"publish","type":"post","link":"https:\/\/alertasaltillo.com\/index.php\/2025\/07\/26\/caen-dos-responsables-del-asesinato-de-irma-hernandez\/","title":{"rendered":"CAEN DOS RESPONSABLES DEL ASESINATO DE IRMA HERN\u00c1NDEZ"},"content":{"rendered":"\n<p><\/p>\n\n\n\n<p>En medio de una creciente indignaci\u00f3n por el asesinato de la maestra jubilada veracruzana,&nbsp;<strong>Irma Hern\u00e1ndez Cruz<\/strong>&nbsp;-ocurrido a manos de un grupo armado que previamente la exhibi\u00f3 en un narco video-, trascendi\u00f3 la detenci\u00f3n de dos presuntos responsables.<\/p>\n\n\n\n<p>Se tratar\u00eda de presuntos integrantes del grupo delictivo Sombra y autodenominados&nbsp;<strong>Mafia Veracruzana,<\/strong>&nbsp;a quienes se atribuye la privaci\u00f3n ilegal de la libertad de la profesora y taxista y la grabaci\u00f3n del video donde se le observ\u00f3 sometida, amarrada e hincada.<\/p>\n\n\n\n<p>Medios locales reportaron la aprehensi\u00f3n de\u00a0<strong><em>V\u00edctor \u201cN\u201d, alias \u201cEl Cholo\u201d o \u201cMoyo\u201d, y Jos\u00e9 \u201cN\u201d, \u201cEl Gast\u00f3n\u201d o \u201c\u00c1guila\u201d,\u00a0<\/em><\/strong>durante un operativo en el municipio de Cerro Azul, contiguo a \u00c1lamo Temapache, donde fue asesinada la maestra.<\/p>\n\n\n\n<p>Al ser privada de la libertad el viernes 18 de julio por un grupo armado en el norte de Veracruz, familiares y amigos se movilizaron para intentar rescatarla; sin embargo, horas despu\u00e9s, el crimen organizado difundi\u00f3 un video.<\/p>\n\n\n\n<p>La profesora de<strong>&nbsp;62 a\u00f1os<\/strong>&nbsp;se encontraba sometida, arrodillada y atada de manos, rodeada por hombres armados; obligada a leer un mensaje donde ped\u00eda a los taxistas de esa regi\u00f3n pagar la cuota a la delincuencia o de lo contrario sufrir\u00edan la misma suerte.<\/p>\n\n\n\n<p>Las autoridades ministeriales confirmaron ayer jueves que fue localizado su cad\u00e1ver en la comunidad de Tepetzintlilla del propio municipio de \u00c1lamo, lo que caus\u00f3 gran indignaci\u00f3n ciudadana.<\/p>\n\n\n\n<p>La gobernadora de Veracruz, Roc\u00edo Nahle (Morena), explic\u00f3 que el cuerpo de la profesora fue ubicado, en un operativo castrense, en un predio.<\/p>\n\n\n\n<p><strong><em>\u201cDesgraciadamente en la madrugada de ayer, donde elementos de la Defensa entran a un predio en la zona norte, cerca de \u00c1lamo y se encuentra veh\u00edculos, chalecos, armas, los delincuentes se dan cuenta y se van y ah\u00ed lamentablemente estaba el cuerpo de la maestra\u201d,<\/em><\/strong>\u00a0dijo en entrevista con noticieros locales.<\/p>\n\n\n\n<p>Con Informaci\u00f3n tomada de EL DIARIO DE COAHUILA<\/p>\n","protected":false},"excerpt":{"rendered":"<p>En medio de una creciente indignaci\u00f3n por el asesinato de la maestra jubilada veracruzana,&nbsp;Irma Hern\u00e1ndez Cruz&nbsp;-ocurrido a manos de un grupo armado que previamente la exhibi\u00f3 en un narco video-, trascendi\u00f3 la detenci\u00f3n de dos presuntos responsables. Se tratar\u00eda de presuntos integrantes del grupo delictivo Sombra y autodenominados&nbsp;Mafia Veracruzana,&nbsp;a quienes se atribuye la privaci\u00f3n ilegal [&hellip;]<\/p>\n","protected":false},"author":4,"featured_media":18489,"comment_status":"open","ping_status":"open","sticky":false,"template":"","format":"standard","meta":[],"categories":[185],"tags":[],"_links":{"self":[{"href":"https:\/\/alertasaltillo.com\/index.php\/wp-json\/wp\/v2\/posts\/18488"}],"collection":[{"href":"https:\/\/alertasaltillo.com\/index.php\/wp-json\/wp\/v2\/posts"}],"about":[{"href":"https:\/\/alertasaltillo.com\/index.php\/wp-json\/wp\/v2\/types\/post"}],"author":[{"embeddable":true,"href":"https:\/\/alertasaltillo.com\/index.php\/wp-json\/wp\/v2\/users\/4"}],"replies":[{"embeddable":true,"href":"https:\/\/alertasaltillo.com\/index.php\/wp-json\/wp\/v2\/comments?post=18488"}],"version-history":[{"count":1,"href":"https:\/\/alertasaltillo.com\/index.php\/wp-json\/wp\/v2\/posts\/18488\/revisions"}],"predecessor-version":[{"id":18490,"href":"https:\/\/alertasaltillo.com\/index.php\/wp-json\/wp\/v2\/posts\/18488\/revisions\/18490"}],"wp:featuredmedia":[{"embeddable":true,"href":"https:\/\/alertasaltillo.com\/index.php\/wp-json\/wp\/v2\/media\/18489"}],"wp:attachment":[{"href":"https:\/\/alertasaltillo.com\/index.php\/wp-json\/wp\/v2\/media?parent=18488"}],"wp:term":[{"taxonomy":"category","embeddable":true,"href":"https:\/\/alertasaltillo.com\/index.php\/wp-json\/wp\/v2\/categories?post=18488"},{"taxonomy":"post_tag","embeddable":true,"href":"https:\/\/alertasaltillo.com\/index.php\/wp-json\/wp\/v2\/tags?post=18488"}],"curies":[{"name":"wp","href":"https:\/\/api.w.org\/{rel}","templated":true}]}}