{"id":18430,"date":"2025-07-24T00:49:48","date_gmt":"2025-07-24T00:49:48","guid":{"rendered":"https:\/\/alertasaltillo.com\/?p=18430"},"modified":"2025-07-24T00:49:50","modified_gmt":"2025-07-24T00:49:50","slug":"harfuch-confirma-detencion-del-lider-de-la-barredora-se-le-relaciona-con-extorsion-secuestro-trasiego-de-droga","status":"publish","type":"post","link":"https:\/\/alertasaltillo.com\/index.php\/2025\/07\/24\/harfuch-confirma-detencion-del-lider-de-la-barredora-se-le-relaciona-con-extorsion-secuestro-trasiego-de-droga\/","title":{"rendered":"HARFUCH CONFIRMA DETENCI\u00d3N DEL L\u00cdDER DE LA BARREDORA; SE LE RELACIONA CON EXTORSI\u00d3N, SECUESTRO, TRASIEGO DE DROGA&#8230;"},"content":{"rendered":"\n<h2>Ulises \u201cN\u201d, alias \u201cPinto\u201d, es identificado como uno de los l\u00edderes de \u201cLa Barredora\u201d en Tabasco y responsable de la escalada de violencia en esa entidad, desde enero de 2024<\/h2>\n\n\n\n<p>El titular de la Secretar\u00eda de Seguridad y Protecci\u00f3n Ciudadana (SSPC),\u00a0<a href=\"https:\/\/www.excelsior.com.mx\/omar-garcia-harfuch\" target=\"_blank\" rel=\"noreferrer noopener\">Omar Garc\u00eda Harfuch<\/a>, confirm\u00f3 este mi\u00e9rcoles la captura de Ulises N, alias \u201cEl Pinto\u201d, se\u00f1alado como el segundo al mando de La Barredora, luego de Hern\u00e1n Berm\u00fadez Requena, y generador de violencia en\u00a0<a href=\"https:\/\/www.excelsior.com.mx\/tabasco\" target=\"_blank\" rel=\"noreferrer noopener\">Tabasco<\/a>, por el delito de asociaci\u00f3n delictuosa agravada.<\/p>\n\n\n\n<p><strong>\u201cEn seguimiento a trabajos de inteligencia, se realiz\u00f3 una operaci\u00f3n coordinada en Jalisco, donde elementos de @SEMAR_mx, @Defensamx1, @FGRMexico y @SSPCMexico con informaci\u00f3n del Centro Nacional de Inteligencia detuvieron a dos personas, entre ellas Ulises \u201cN\u201d, alias \u201cPinto\u201d, identificado como uno de los l\u00edderes de \u201cLa Barredora\u201d en Tabasco y responsable de la escalada de violencia en esa entidad, desde enero de 2024.<\/strong><\/p>\n\n\n\n<p>Este sujeto cuenta con orden de aprehensi\u00f3n por asociaci\u00f3n delictuosa y se le relaciona con extorsiones, secuestro, trasiego de droga, robo de combustible, adem\u00e1s de pactar una alianza con otro grupo criminal, por lo que esta detenci\u00f3n tendr\u00e1 un impacto en la disminuci\u00f3n de la violencia en la regi\u00f3n\u201d, indic\u00f3 Garc\u00eda Harfuch en su cuenta de X.<\/p>\n\n\n\n<p>En una operaci\u00f3n encabezada por la Secretar\u00eda de Marina-Armada de M\u00e9xico (Semar) y la SSPC, \u00abEl Pinto\u00bb fue detenido en la colonia Los Gavilanes, del municipio de Tlajomulco de Z\u00fa\u00f1iga, en Jalisco, donde los agentes de seguridad ubicaron al sospechoso, en el momento que estaba acompa\u00f1ado de su escolta.<\/p>\n\n\n\n<p>El personal federal les marc\u00f3 el alto para corroborar su identidad y proceder a dar cumplimentaron la orden de aprehensi\u00f3n en contra de \u00abEl Pinto\u00bb.<\/p>\n\n\n\n<p>Con Informaci\u00f3n tomada de EXC\u00c9LSIOR<\/p>\n","protected":false},"excerpt":{"rendered":"<p>Ulises \u201cN\u201d, alias \u201cPinto\u201d, es identificado como uno de los l\u00edderes de \u201cLa Barredora\u201d en Tabasco y responsable de la escalada de violencia en esa entidad, desde enero de 2024 El titular de la Secretar\u00eda de Seguridad y Protecci\u00f3n Ciudadana (SSPC),\u00a0Omar Garc\u00eda Harfuch, confirm\u00f3 este mi\u00e9rcoles la captura de Ulises N, alias \u201cEl Pinto\u201d, se\u00f1alado [&hellip;]<\/p>\n","protected":false},"author":4,"featured_media":18431,"comment_status":"open","ping_status":"open","sticky":false,"template":"","format":"standard","meta":[],"categories":[185],"tags":[],"_links":{"self":[{"href":"https:\/\/alertasaltillo.com\/index.php\/wp-json\/wp\/v2\/posts\/18430"}],"collection":[{"href":"https:\/\/alertasaltillo.com\/index.php\/wp-json\/wp\/v2\/posts"}],"about":[{"href":"https:\/\/alertasaltillo.com\/index.php\/wp-json\/wp\/v2\/types\/post"}],"author":[{"embeddable":true,"href":"https:\/\/alertasaltillo.com\/index.php\/wp-json\/wp\/v2\/users\/4"}],"replies":[{"embeddable":true,"href":"https:\/\/alertasaltillo.com\/index.php\/wp-json\/wp\/v2\/comments?post=18430"}],"version-history":[{"count":1,"href":"https:\/\/alertasaltillo.com\/index.php\/wp-json\/wp\/v2\/posts\/18430\/revisions"}],"predecessor-version":[{"id":18432,"href":"https:\/\/alertasaltillo.com\/index.php\/wp-json\/wp\/v2\/posts\/18430\/revisions\/18432"}],"wp:featuredmedia":[{"embeddable":true,"href":"https:\/\/alertasaltillo.com\/index.php\/wp-json\/wp\/v2\/media\/18431"}],"wp:attachment":[{"href":"https:\/\/alertasaltillo.com\/index.php\/wp-json\/wp\/v2\/media?parent=18430"}],"wp:term":[{"taxonomy":"category","embeddable":true,"href":"https:\/\/alertasaltillo.com\/index.php\/wp-json\/wp\/v2\/categories?post=18430"},{"taxonomy":"post_tag","embeddable":true,"href":"https:\/\/alertasaltillo.com\/index.php\/wp-json\/wp\/v2\/tags?post=18430"}],"curies":[{"name":"wp","href":"https:\/\/api.w.org\/{rel}","templated":true}]}}