{"id":18405,"date":"2025-07-24T00:15:44","date_gmt":"2025-07-24T00:15:44","guid":{"rendered":"https:\/\/alertasaltillo.com\/?p=18405"},"modified":"2025-07-24T00:15:46","modified_gmt":"2025-07-24T00:15:46","slug":"tras-llegada-de-trump-75-mil-mexicanos-han-sido-repatriados-de-eu","status":"publish","type":"post","link":"https:\/\/alertasaltillo.com\/index.php\/2025\/07\/24\/tras-llegada-de-trump-75-mil-mexicanos-han-sido-repatriados-de-eu\/","title":{"rendered":"TRAS LLEGADA DE TRUMP, 75 MIL MEXICANOS HAN SIDO REPATRIADOS DE EU"},"content":{"rendered":"\n<p>La presidenta&nbsp;<strong>Claudia Sheinbaum Pardo<\/strong>&nbsp;inform\u00f3 que cerca de 75 mil mexicanos han sido repatriados de Estados Unidos desde el 20 de enero, fecha en que lleg\u00f3&nbsp;<strong>Donald Trump&nbsp;<\/strong>a la Presidencia de ese pa\u00eds.<\/p>\n\n\n\n<p>En conferencia de prensa matutina en Palacio Nacional, la Mandataria federal indic\u00f3 que los centros de atenci\u00f3n han dado atenci\u00f3n a 45 mil paisanos.<\/p>\n\n\n\n<p><strong><em>\u201cEl informe que tengo, me lo dieron hoy, en la ma\u00f1ana, de repatriaci\u00f3n, hay cerca de 75 mil connacionales, mexicanas y mexicanos que desde el 20 de enero, desde que entr\u00f3 el presidente Trump, se han repatriado\u201d.<\/em><\/strong><\/p>\n\n\n\n<p><strong><em>\u201cDe todo ellos se tiene comunicaci\u00f3n, con todos ellos, y se ha dado atenci\u00f3n en los centros de atenci\u00f3n alrededor de 45 mil de ellos. Entonces, si alguno m\u00e1s regresa y no tiene su carta de repatriaci\u00f3n por parte de Migraci\u00f3n, que acudan a cualquier oficina de Migraci\u00f3n porque es muy f\u00e1cil poder obtener su carta de repatriaci\u00f3n y a partir de ah\u00ed tener el acceso a todos los servicios\u201d,<\/em><\/strong>\u00a0explic\u00f3.<\/p>\n\n\n\n<p>Con Informaci\u00f3n tomada de EL HERALDO DE SALTILLO<\/p>\n","protected":false},"excerpt":{"rendered":"<p>La presidenta&nbsp;Claudia Sheinbaum Pardo&nbsp;inform\u00f3 que cerca de 75 mil mexicanos han sido repatriados de Estados Unidos desde el 20 de enero, fecha en que lleg\u00f3&nbsp;Donald Trump&nbsp;a la Presidencia de ese pa\u00eds. En conferencia de prensa matutina en Palacio Nacional, la Mandataria federal indic\u00f3 que los centros de atenci\u00f3n han dado atenci\u00f3n a 45 mil paisanos. [&hellip;]<\/p>\n","protected":false},"author":4,"featured_media":18406,"comment_status":"open","ping_status":"open","sticky":false,"template":"","format":"standard","meta":[],"categories":[185],"tags":[],"_links":{"self":[{"href":"https:\/\/alertasaltillo.com\/index.php\/wp-json\/wp\/v2\/posts\/18405"}],"collection":[{"href":"https:\/\/alertasaltillo.com\/index.php\/wp-json\/wp\/v2\/posts"}],"about":[{"href":"https:\/\/alertasaltillo.com\/index.php\/wp-json\/wp\/v2\/types\/post"}],"author":[{"embeddable":true,"href":"https:\/\/alertasaltillo.com\/index.php\/wp-json\/wp\/v2\/users\/4"}],"replies":[{"embeddable":true,"href":"https:\/\/alertasaltillo.com\/index.php\/wp-json\/wp\/v2\/comments?post=18405"}],"version-history":[{"count":1,"href":"https:\/\/alertasaltillo.com\/index.php\/wp-json\/wp\/v2\/posts\/18405\/revisions"}],"predecessor-version":[{"id":18407,"href":"https:\/\/alertasaltillo.com\/index.php\/wp-json\/wp\/v2\/posts\/18405\/revisions\/18407"}],"wp:featuredmedia":[{"embeddable":true,"href":"https:\/\/alertasaltillo.com\/index.php\/wp-json\/wp\/v2\/media\/18406"}],"wp:attachment":[{"href":"https:\/\/alertasaltillo.com\/index.php\/wp-json\/wp\/v2\/media?parent=18405"}],"wp:term":[{"taxonomy":"category","embeddable":true,"href":"https:\/\/alertasaltillo.com\/index.php\/wp-json\/wp\/v2\/categories?post=18405"},{"taxonomy":"post_tag","embeddable":true,"href":"https:\/\/alertasaltillo.com\/index.php\/wp-json\/wp\/v2\/tags?post=18405"}],"curies":[{"name":"wp","href":"https:\/\/api.w.org\/{rel}","templated":true}]}}