{"id":18332,"date":"2025-07-20T17:41:34","date_gmt":"2025-07-20T17:41:34","guid":{"rendered":"https:\/\/alertasaltillo.com\/?p=18332"},"modified":"2025-07-20T17:41:36","modified_gmt":"2025-07-20T17:41:36","slug":"estas-son-las-dramaticas-fotos-que-dejaron-las-lluvias-este-sabado-en-la-magdalena-contreras","status":"publish","type":"post","link":"https:\/\/alertasaltillo.com\/index.php\/2025\/07\/20\/estas-son-las-dramaticas-fotos-que-dejaron-las-lluvias-este-sabado-en-la-magdalena-contreras\/","title":{"rendered":"ESTAS SON LAS DRAM\u00c1TICAS FOTOS QUE DEJARON LAS LLUVIAS ESTE S\u00c1BADO EN LA MAGDALENA CONTRERAS"},"content":{"rendered":"\n<p>Las intensas lluvias que se registraron en la CDMX provocaron fuertes inundaciones en varias zonas de la CDMX; las im\u00e1genes reflejan tristeza y angustia<\/p>\n\n\n\n<p>Tristeza, angustia, desesperaci\u00f3n. Las\u00a0<strong>lluvias\u00a0<\/strong>registradas el d\u00eda de ayer en la\u00a0<strong>Ciudad de M\u00e9xico<\/strong>\u00a0fueron tan intensas, que provocaron im\u00e1genes impresionantes de lo que puede hacer la naturaleza a trav\u00e9s del agua. En la alcald\u00eda\u00a0<strong>Magdalena Contreras<\/strong>\u00a0se activ\u00f3 la alerta roja y el\u00a0<strong>protocolo de emergencia<\/strong>, luego de los eventuales encharcamientos,\u00a0<strong>corrientes de agua en las calles<\/strong>\u00a0y avenidas, as\u00ed como posibles deslaves y ca\u00edda de \u00e1rboles y lonas.<\/p>\n\n\n\n<p>Las siguientes\u00a0<strong>zonas<\/strong>, sobre todo, fueron afectadas por estas\u00a0<strong>lluvias intensas\u00a0<\/strong>registradas este s\u00e1bado:\u00a0<\/p>\n\n\n\n<ul>\n<li>San Jer\u00f3nimo<\/li>\n\n\n\n<li>Luis Cabrera<\/li>\n\n\n\n<li>Bajo puente de Anillo Perif\u00e9rico<\/li>\n\n\n\n<li>Lomas de Quebrada<\/li>\n<\/ul>\n\n\n\n<ul>\n<li>\u00c1lvaro Obreg\u00f3n<\/li>\n\n\n\n<li>Iztapalapa<\/li>\n\n\n\n<li>Gustavo A. Madero<\/li>\n\n\n\n<li>Tlalpan<\/li>\n\n\n\n<li>Milpa Alta<\/li>\n<\/ul>\n\n\n\n<p>El agua alcanz\u00f3\u00a0<strong>varios cent\u00edmetros de altura\u00a0<\/strong>provocando que mucha gente pasara la noche limpiando sus domicilios y tratando de rescatar lo que m\u00e1s pudieran de ellos. Se aplic\u00f3, adem\u00e1s, el plan DN-III para este tipo de emergencias. Habitantes indicaron que no hab\u00edan vivido una situaci\u00f3n semejante y describieron que si bien ya hab\u00edan vivido algo parecido, nunca con esta intensidad.\u00a0<\/p>\n\n\n\n<p>Con Informaci\u00f3n tomada de EL HERALDO DE M\u00c9XICO<\/p>\n","protected":false},"excerpt":{"rendered":"<p>Las intensas lluvias que se registraron en la CDMX provocaron fuertes inundaciones en varias zonas de la CDMX; las im\u00e1genes reflejan tristeza y angustia Tristeza, angustia, desesperaci\u00f3n. Las\u00a0lluvias\u00a0registradas el d\u00eda de ayer en la\u00a0Ciudad de M\u00e9xico\u00a0fueron tan intensas, que provocaron im\u00e1genes impresionantes de lo que puede hacer la naturaleza a trav\u00e9s del agua. En la [&hellip;]<\/p>\n","protected":false},"author":4,"featured_media":18333,"comment_status":"open","ping_status":"open","sticky":false,"template":"","format":"standard","meta":[],"categories":[185],"tags":[],"_links":{"self":[{"href":"https:\/\/alertasaltillo.com\/index.php\/wp-json\/wp\/v2\/posts\/18332"}],"collection":[{"href":"https:\/\/alertasaltillo.com\/index.php\/wp-json\/wp\/v2\/posts"}],"about":[{"href":"https:\/\/alertasaltillo.com\/index.php\/wp-json\/wp\/v2\/types\/post"}],"author":[{"embeddable":true,"href":"https:\/\/alertasaltillo.com\/index.php\/wp-json\/wp\/v2\/users\/4"}],"replies":[{"embeddable":true,"href":"https:\/\/alertasaltillo.com\/index.php\/wp-json\/wp\/v2\/comments?post=18332"}],"version-history":[{"count":1,"href":"https:\/\/alertasaltillo.com\/index.php\/wp-json\/wp\/v2\/posts\/18332\/revisions"}],"predecessor-version":[{"id":18334,"href":"https:\/\/alertasaltillo.com\/index.php\/wp-json\/wp\/v2\/posts\/18332\/revisions\/18334"}],"wp:featuredmedia":[{"embeddable":true,"href":"https:\/\/alertasaltillo.com\/index.php\/wp-json\/wp\/v2\/media\/18333"}],"wp:attachment":[{"href":"https:\/\/alertasaltillo.com\/index.php\/wp-json\/wp\/v2\/media?parent=18332"}],"wp:term":[{"taxonomy":"category","embeddable":true,"href":"https:\/\/alertasaltillo.com\/index.php\/wp-json\/wp\/v2\/categories?post=18332"},{"taxonomy":"post_tag","embeddable":true,"href":"https:\/\/alertasaltillo.com\/index.php\/wp-json\/wp\/v2\/tags?post=18332"}],"curies":[{"name":"wp","href":"https:\/\/api.w.org\/{rel}","templated":true}]}}