{"id":18266,"date":"2025-07-18T15:15:26","date_gmt":"2025-07-18T15:15:26","guid":{"rendered":"https:\/\/alertasaltillo.com\/?p=18266"},"modified":"2025-07-18T15:15:29","modified_gmt":"2025-07-18T15:15:29","slug":"pan-formaliza-denuncia-contra-ricardo-mejia-berdeja-por-vinculos-con-crimen-organizado-y-delitos-electorales","status":"publish","type":"post","link":"https:\/\/alertasaltillo.com\/index.php\/2025\/07\/18\/pan-formaliza-denuncia-contra-ricardo-mejia-berdeja-por-vinculos-con-crimen-organizado-y-delitos-electorales\/","title":{"rendered":"PAN FORMALIZA DENUNCIA CONTRA RICARDO MEJ\u00cdA BERDEJA POR V\u00cdNCULOS CON CRIMEN ORGANIZADO Y DELITOS ELECTORALES"},"content":{"rendered":"\n<p><\/p>\n\n\n\n<p>Ciudad de M\u00e9xico.- El Partido Acci\u00f3n Nacional present\u00f3 este jueves una denuncia formal contra Ricardo Mej\u00eda Berdeja en las instalaciones de la Fiscal\u00eda General de la Rep\u00fablica, por su presunta responsabilidad en delitos electorales, negligencia en materia de seguridad p\u00fablica, corrupci\u00f3n y colusi\u00f3n con el crimen organizado.<\/p>\n\n\n\n<p>La denuncia fue interpuesta por el vocero nacional del PAN, Jorge Triana; la presidenta estatal del PAN en Coahuila, Elisa Maldonado; y el coordinador del Grupo Parlamentario del PAN en el Congreso de Coahuila, el diputado Gerardo Aguado G\u00f3mez, quien hab\u00eda anunciado esta acci\u00f3n el pasado martes desde la tribuna del Congreso local.<\/p>\n\n\n\n<p>Adem\u00e1s de la denuncia ante la FGR, la presidenta del PAN en Coahuila Elisa Maldonado dijo que solicitar\u00e1n investigaciones y sanciones ante:<\/p>\n\n\n\n<p>\u2013 La Secretar\u00eda de la Funci\u00f3n P\u00fablica,<\/p>\n\n\n\n<p>\u2013 El Instituto Nacional Electoral (INE),<\/p>\n\n\n\n<p>\u2013 La Fiscal\u00eda Especializada en Delitos Electorales (FEDE),<\/p>\n\n\n\n<p>\u2013 La Auditor\u00eda Superior de la Federaci\u00f3n.<\/p>\n\n\n\n<p>As\u00ed mismo se dar\u00e1 vista a instancias internacionales, incluyendo la Embajada de Estados Unidos, el Departamento de Estado y el Departamento de Seguridad Nacional.<\/p>\n\n\n\n<p>\u201cLa presi\u00f3n pol\u00edtica y econ\u00f3mica sobre nuestro pa\u00eds por la falta del combate al crimen organizado, ha escalado a niveles pocas veces vistos. Hace unos d\u00edas, incluso, se decret\u00f3 un incremento del 30% en los aranceles a productos mexicanos, bajo el argumento de que el gobierno de M\u00e9xico desde hace varios a\u00f1os est\u00e1 coludido con el narcotr\u00e1fico\u201d, subray\u00f3 el diputado Gerardo Aguado.<\/p>\n\n\n\n<p>\u201cEl PAN no permitir\u00e1 que personajes con este historial se sigan escondiendo bajo el manto de impunidad que Morena les ofrece. Coahuila y M\u00e9xico merecen seguridad, legalidad y decencia en la vida p\u00fablica\u201d, declar\u00f3 el vocero del CEN del Partido Acci\u00f3n Nacional Jorge Triana, al destacar que esta denuncia forma parte de una cruzada nacional del PAN contra el narco poder enquistado en la pol\u00edtica.<\/p>\n\n\n\n<p>Con Informaci\u00f3n tomada de EL HERALDO DE SALTILLO<\/p>\n","protected":false},"excerpt":{"rendered":"<p>Ciudad de M\u00e9xico.- El Partido Acci\u00f3n Nacional present\u00f3 este jueves una denuncia formal contra Ricardo Mej\u00eda Berdeja en las instalaciones de la Fiscal\u00eda General de la Rep\u00fablica, por su presunta responsabilidad en delitos electorales, negligencia en materia de seguridad p\u00fablica, corrupci\u00f3n y colusi\u00f3n con el crimen organizado. La denuncia fue interpuesta por el vocero nacional [&hellip;]<\/p>\n","protected":false},"author":4,"featured_media":18267,"comment_status":"open","ping_status":"open","sticky":false,"template":"","format":"standard","meta":[],"categories":[185],"tags":[],"_links":{"self":[{"href":"https:\/\/alertasaltillo.com\/index.php\/wp-json\/wp\/v2\/posts\/18266"}],"collection":[{"href":"https:\/\/alertasaltillo.com\/index.php\/wp-json\/wp\/v2\/posts"}],"about":[{"href":"https:\/\/alertasaltillo.com\/index.php\/wp-json\/wp\/v2\/types\/post"}],"author":[{"embeddable":true,"href":"https:\/\/alertasaltillo.com\/index.php\/wp-json\/wp\/v2\/users\/4"}],"replies":[{"embeddable":true,"href":"https:\/\/alertasaltillo.com\/index.php\/wp-json\/wp\/v2\/comments?post=18266"}],"version-history":[{"count":1,"href":"https:\/\/alertasaltillo.com\/index.php\/wp-json\/wp\/v2\/posts\/18266\/revisions"}],"predecessor-version":[{"id":18268,"href":"https:\/\/alertasaltillo.com\/index.php\/wp-json\/wp\/v2\/posts\/18266\/revisions\/18268"}],"wp:featuredmedia":[{"embeddable":true,"href":"https:\/\/alertasaltillo.com\/index.php\/wp-json\/wp\/v2\/media\/18267"}],"wp:attachment":[{"href":"https:\/\/alertasaltillo.com\/index.php\/wp-json\/wp\/v2\/media?parent=18266"}],"wp:term":[{"taxonomy":"category","embeddable":true,"href":"https:\/\/alertasaltillo.com\/index.php\/wp-json\/wp\/v2\/categories?post=18266"},{"taxonomy":"post_tag","embeddable":true,"href":"https:\/\/alertasaltillo.com\/index.php\/wp-json\/wp\/v2\/tags?post=18266"}],"curies":[{"name":"wp","href":"https:\/\/api.w.org\/{rel}","templated":true}]}}