{"id":18251,"date":"2025-07-17T22:31:01","date_gmt":"2025-07-17T22:31:01","guid":{"rendered":"https:\/\/alertasaltillo.com\/?p=18251"},"modified":"2025-07-17T22:31:03","modified_gmt":"2025-07-17T22:31:03","slug":"asesinan-a-gabriel-hernandez-miembro-del-colectivo-10-de-marzo","status":"publish","type":"post","link":"https:\/\/alertasaltillo.com\/index.php\/2025\/07\/17\/asesinan-a-gabriel-hernandez-miembro-del-colectivo-10-de-marzo\/","title":{"rendered":"ASESINAN A GABRIEL HERN\u00c1NDEZ, MIEMBRO DEL COLECTIVO 10 DE MARZO"},"content":{"rendered":"\n<p>Tras ser secuestrado en cuatro ocasiones y acusar directamente a Mario Guitian Rosas alias \u201cLa Chispa\u201d, el activista Gabriel Hern\u00e1ndez, miembro del colectivo 10 de Marzo a quien le retiraron la custodia federal el pasado 10 de julio, fue asesinado en&nbsp;<strong>Reynosa, Tamaulipas.<\/strong><\/p>\n\n\n\n<p>Desde hace tiempo, el defensor de derechos humanos hab\u00eda hecho p\u00fablico la serie de secuestros y amenazas que recib\u00eda de uno de los cabecillas del C\u00e1rtel del Golfo en la zona norte de Tamaulipas por lo que un juez federal orden\u00f3 se le otorgara custodia las 24 horas los siete d\u00edas de la semana.<\/p>\n\n\n\n<p>El pasado&nbsp;<strong>10 de julio,<\/strong>&nbsp;la custodia fue retirada sin que se informara al activista los motivos, o si ser\u00eda una medida permanente para que tomara las debidas precauciones.<\/p>\n\n\n\n<p>Hern\u00e1ndez hab\u00eda sido v\u00edctima de secuestro cuatro veces, la \u00faltima ocurri\u00f3 el 28 de mayo de 2021 por lo que estuvo privado de su libertad durante un mes, periodo en el cual fue testigo de algunas de las operaciones del C\u00e1rtel del Golfo, espec\u00edficamente de la c\u00e9lula de Los Metros.<\/p>\n\n\n\n<p>La Vocer\u00eda de Seguridad de Tamaulipas dio a conocer que atendieron el reporte de una camioneta que se encontraba dentro de un canal en la\u00a0<strong>Colonia Lomas del Real de Jarachina Sur en Reynosa<\/strong>, por lo que unidades de rescate localizaron a una persona sin vida con aparentes impactos de arma de fuego el pasado 16 de julio.<\/p>\n\n\n\n<p>Con Informaci\u00f3n tomada de EL DIARIO DE COAHUILA<\/p>\n","protected":false},"excerpt":{"rendered":"<p>Tras ser secuestrado en cuatro ocasiones y acusar directamente a Mario Guitian Rosas alias \u201cLa Chispa\u201d, el activista Gabriel Hern\u00e1ndez, miembro del colectivo 10 de Marzo a quien le retiraron la custodia federal el pasado 10 de julio, fue asesinado en&nbsp;Reynosa, Tamaulipas. Desde hace tiempo, el defensor de derechos humanos hab\u00eda hecho p\u00fablico la serie [&hellip;]<\/p>\n","protected":false},"author":4,"featured_media":18252,"comment_status":"open","ping_status":"open","sticky":false,"template":"","format":"standard","meta":[],"categories":[185],"tags":[],"_links":{"self":[{"href":"https:\/\/alertasaltillo.com\/index.php\/wp-json\/wp\/v2\/posts\/18251"}],"collection":[{"href":"https:\/\/alertasaltillo.com\/index.php\/wp-json\/wp\/v2\/posts"}],"about":[{"href":"https:\/\/alertasaltillo.com\/index.php\/wp-json\/wp\/v2\/types\/post"}],"author":[{"embeddable":true,"href":"https:\/\/alertasaltillo.com\/index.php\/wp-json\/wp\/v2\/users\/4"}],"replies":[{"embeddable":true,"href":"https:\/\/alertasaltillo.com\/index.php\/wp-json\/wp\/v2\/comments?post=18251"}],"version-history":[{"count":1,"href":"https:\/\/alertasaltillo.com\/index.php\/wp-json\/wp\/v2\/posts\/18251\/revisions"}],"predecessor-version":[{"id":18253,"href":"https:\/\/alertasaltillo.com\/index.php\/wp-json\/wp\/v2\/posts\/18251\/revisions\/18253"}],"wp:featuredmedia":[{"embeddable":true,"href":"https:\/\/alertasaltillo.com\/index.php\/wp-json\/wp\/v2\/media\/18252"}],"wp:attachment":[{"href":"https:\/\/alertasaltillo.com\/index.php\/wp-json\/wp\/v2\/media?parent=18251"}],"wp:term":[{"taxonomy":"category","embeddable":true,"href":"https:\/\/alertasaltillo.com\/index.php\/wp-json\/wp\/v2\/categories?post=18251"},{"taxonomy":"post_tag","embeddable":true,"href":"https:\/\/alertasaltillo.com\/index.php\/wp-json\/wp\/v2\/tags?post=18251"}],"curies":[{"name":"wp","href":"https:\/\/api.w.org\/{rel}","templated":true}]}}