{"id":18087,"date":"2025-07-11T23:20:09","date_gmt":"2025-07-11T23:20:09","guid":{"rendered":"https:\/\/alertasaltillo.com\/?p=18087"},"modified":"2025-07-11T23:20:12","modified_gmt":"2025-07-11T23:20:12","slug":"sheinbaum-responde-a-abogado-de-ovidio-guzman-no-hay-contubernio-ni-complicidad-con-nadie","status":"publish","type":"post","link":"https:\/\/alertasaltillo.com\/index.php\/2025\/07\/11\/sheinbaum-responde-a-abogado-de-ovidio-guzman-no-hay-contubernio-ni-complicidad-con-nadie\/","title":{"rendered":"SHEINBAUM RESPONDE A ABOGADO DE OVIDIO GUZM\u00c1N: \u00abNO HAY CONTUBERNIO NI COMPLICIDAD CON NADIE\u00bb"},"content":{"rendered":"\n<p><\/p>\n\n\n\n<h2>Claudia Sheinbaum calific\u00f3 de irrespetuosas las declaraciones del abogado de Ovidio Guzm\u00e1n y neg\u00f3 cualquier complicidad con el crimen organizado.<\/h2>\n\n\n\n<p>La presidenta de M\u00e9xico,&nbsp;<strong>Claudia Sheinbaum<\/strong>, calific\u00f3 como \u201c<strong>irrespetuosas<\/strong>\u201d las declaraciones del abogado&nbsp;<strong>Jeffrey Lichtman<\/strong>, defensor de&nbsp;<strong>Ovidio Guzm\u00e1n L\u00f3pez<\/strong>, alias&nbsp;<em>El Rat\u00f3n<\/em>, quien hab\u00eda se\u00f1alado que la intenci\u00f3n del gobierno mexicano de involucrarse en el proceso judicial contra su cliente era \u201cabsurda\u201d.<\/p>\n\n\n\n<p>Durante una\u00a0<strong>rueda de prensa<\/strong>\u00a0celebrada previo a la inauguraci\u00f3n de \u00e1reas m\u00e9dicas en el\u00a0<strong>Hospital Pedi\u00e1trico IMSS-Bienestar Sinaloa<\/strong>, Sheinbaum reiter\u00f3 que no existe ning\u00fan tipo de alianza o complicidad entre su administraci\u00f3n y actores vinculados al crimen organizado.<\/p>\n\n\n\n<p>Con Informaci\u00f3n tomada de EXC\u00c9LSIOR<\/p>\n","protected":false},"excerpt":{"rendered":"<p>Claudia Sheinbaum calific\u00f3 de irrespetuosas las declaraciones del abogado de Ovidio Guzm\u00e1n y neg\u00f3 cualquier complicidad con el crimen organizado. La presidenta de M\u00e9xico,&nbsp;Claudia Sheinbaum, calific\u00f3 como \u201cirrespetuosas\u201d las declaraciones del abogado&nbsp;Jeffrey Lichtman, defensor de&nbsp;Ovidio Guzm\u00e1n L\u00f3pez, alias&nbsp;El Rat\u00f3n, quien hab\u00eda se\u00f1alado que la intenci\u00f3n del gobierno mexicano de involucrarse en el proceso judicial contra [&hellip;]<\/p>\n","protected":false},"author":4,"featured_media":18088,"comment_status":"open","ping_status":"open","sticky":false,"template":"","format":"standard","meta":[],"categories":[185],"tags":[],"_links":{"self":[{"href":"https:\/\/alertasaltillo.com\/index.php\/wp-json\/wp\/v2\/posts\/18087"}],"collection":[{"href":"https:\/\/alertasaltillo.com\/index.php\/wp-json\/wp\/v2\/posts"}],"about":[{"href":"https:\/\/alertasaltillo.com\/index.php\/wp-json\/wp\/v2\/types\/post"}],"author":[{"embeddable":true,"href":"https:\/\/alertasaltillo.com\/index.php\/wp-json\/wp\/v2\/users\/4"}],"replies":[{"embeddable":true,"href":"https:\/\/alertasaltillo.com\/index.php\/wp-json\/wp\/v2\/comments?post=18087"}],"version-history":[{"count":1,"href":"https:\/\/alertasaltillo.com\/index.php\/wp-json\/wp\/v2\/posts\/18087\/revisions"}],"predecessor-version":[{"id":18089,"href":"https:\/\/alertasaltillo.com\/index.php\/wp-json\/wp\/v2\/posts\/18087\/revisions\/18089"}],"wp:featuredmedia":[{"embeddable":true,"href":"https:\/\/alertasaltillo.com\/index.php\/wp-json\/wp\/v2\/media\/18088"}],"wp:attachment":[{"href":"https:\/\/alertasaltillo.com\/index.php\/wp-json\/wp\/v2\/media?parent=18087"}],"wp:term":[{"taxonomy":"category","embeddable":true,"href":"https:\/\/alertasaltillo.com\/index.php\/wp-json\/wp\/v2\/categories?post=18087"},{"taxonomy":"post_tag","embeddable":true,"href":"https:\/\/alertasaltillo.com\/index.php\/wp-json\/wp\/v2\/tags?post=18087"}],"curies":[{"name":"wp","href":"https:\/\/api.w.org\/{rel}","templated":true}]}}