{"id":17939,"date":"2025-07-05T21:08:55","date_gmt":"2025-07-05T21:08:55","guid":{"rendered":"https:\/\/alertasaltillo.com\/?p=17939"},"modified":"2025-07-05T21:08:58","modified_gmt":"2025-07-05T21:08:58","slug":"avanza-proyecto-del-nuevo-hospital-de-especialidades-para-coahuila-manolo","status":"publish","type":"post","link":"https:\/\/alertasaltillo.com\/index.php\/2025\/07\/05\/avanza-proyecto-del-nuevo-hospital-de-especialidades-para-coahuila-manolo\/","title":{"rendered":"AVANZA PROYECTO DEL NUEVO HOSPITAL DE ESPECIALIDADES PARA COAHUILA: MANOLO"},"content":{"rendered":"\n<p>Saltillo, Coahuila de Zaragoza; a 04 de julio de 2025.- El gobernador Manolo Jim\u00e9nez Salinas se reuni\u00f3 con el director de Operaci\u00f3n y Evaluaci\u00f3n del Instituto Mexicano del Seguro Social, Javier Guerrero Garc\u00eda y con Ana de Gortari Pedroza, jefa de Infraestructura, Proyectos Especiales y Cartera de Inversi\u00f3n, con el objetivo de darle seguimiento a los avances de los diferentes proyectos que en equipo, el IMSS y el Gobierno del Estado llevan a cabo en la entidad.<\/p>\n\n\n\n<p>\u00abTrabajando en equipo con el IMSS vamos avanzando muy bien con el proyecto del nuevo Hospital de Especialidades del Parque las Maravillas en Saltillo con el que vamos a beneficiar a millas de familias de la regi\u00f3n sureste y de todo Coahuila\u00bb, se\u00f1al\u00f3 el gobernador.<\/p>\n\n\n\n<p>El Mandatario estatal reiter\u00f3 su compromiso de trabajo con el Gobierno Federal en todos aquellos proyectos que sean de beneficio a la poblaci\u00f3n coahuilense.<\/p>\n\n\n\n<p>Se\u00f1al\u00f3 que trabajando en equipo las tres \u00f3rdenes de gobierno, se puede tener un mayor alcance en las acciones, obras y programas, y atender a un mayor n\u00famero de personas.<\/p>\n\n\n\n<p>Manolo Jim\u00e9nez mencion\u00f3 que Coahuila es una de las entidades con mayor formalidad laboral, y que la gran mayor\u00eda de los trabajadores se atienden en instituciones como el IMSS o el ISSSTE, por lo que, si se fortalece y mejora su capacidad, sus derechoshabientes estar\u00e1n mejor atendidos y eso abonar\u00e1 a que los hospitales generales y cl\u00ednicas estatales tengan menor demanda y, por lo tanto, se pueda ofrecer una mejor atenci\u00f3n.<\/p>\n\n\n\n<p>En esta mesa de trabajo particip\u00f3 el delegado del IMSS en Coahuila, Jos\u00e9 Valeriano Ib\u00e1\u00f1ez de la Rosa y Eliud Aguirre V\u00e1zquez, secretario de Salud en el estado, as\u00ed como funcionarios federales y estatales, se revis\u00f3 el progreso que se tiene de las diferentes Unidades M\u00e9dicas Familiares (UMF) en Coahuila, as\u00ed como del Hospital General Regional del IMSS en Saltillo.<\/p>\n\n\n\n<p>Tambi\u00e9n estuvo presente Olga Lydia Benavides Obreg\u00f3n, jefa de departamento de Construcci\u00f3n y Planeaci\u00f3n Inmobiliaria del \u00d3rgano de Operaci\u00f3n Administrativa Desconcentrada de Coahuila.<\/p>\n\n\n\n<p>En dicha reuni\u00f3n se confirmar\u00e1 que estos proyectos avanzan en tiempo y forma, y que en pr\u00f3ximas fechas se podr\u00e1 poner la primera piedra del que ser\u00e1 el Hospital Regional.<\/p>\n\n\n\n<p>El Hospital General Regional del IMSS contar\u00e1 con 260 camas, con una capacidad de atenci\u00f3n de 736 mil personas; con 34 especialidades, servicios de resonancia magn\u00e9tica, tom\u00f3grafo, rayos X, mast\u00f3grafo; lo atender\u00e1n m\u00e1s de dos mil 5 trabajadores y trabajadoras.<\/p>\n\n\n\n<p><\/p>\n","protected":false},"excerpt":{"rendered":"<p>Saltillo, Coahuila de Zaragoza; a 04 de julio de 2025.- El gobernador Manolo Jim\u00e9nez Salinas se reuni\u00f3 con el director de Operaci\u00f3n y Evaluaci\u00f3n del Instituto Mexicano del Seguro Social, Javier Guerrero Garc\u00eda y con Ana de Gortari Pedroza, jefa de Infraestructura, Proyectos Especiales y Cartera de Inversi\u00f3n, con el objetivo de darle seguimiento a [&hellip;]<\/p>\n","protected":false},"author":4,"featured_media":17940,"comment_status":"open","ping_status":"open","sticky":false,"template":"","format":"standard","meta":[],"categories":[4],"tags":[],"_links":{"self":[{"href":"https:\/\/alertasaltillo.com\/index.php\/wp-json\/wp\/v2\/posts\/17939"}],"collection":[{"href":"https:\/\/alertasaltillo.com\/index.php\/wp-json\/wp\/v2\/posts"}],"about":[{"href":"https:\/\/alertasaltillo.com\/index.php\/wp-json\/wp\/v2\/types\/post"}],"author":[{"embeddable":true,"href":"https:\/\/alertasaltillo.com\/index.php\/wp-json\/wp\/v2\/users\/4"}],"replies":[{"embeddable":true,"href":"https:\/\/alertasaltillo.com\/index.php\/wp-json\/wp\/v2\/comments?post=17939"}],"version-history":[{"count":1,"href":"https:\/\/alertasaltillo.com\/index.php\/wp-json\/wp\/v2\/posts\/17939\/revisions"}],"predecessor-version":[{"id":17941,"href":"https:\/\/alertasaltillo.com\/index.php\/wp-json\/wp\/v2\/posts\/17939\/revisions\/17941"}],"wp:featuredmedia":[{"embeddable":true,"href":"https:\/\/alertasaltillo.com\/index.php\/wp-json\/wp\/v2\/media\/17940"}],"wp:attachment":[{"href":"https:\/\/alertasaltillo.com\/index.php\/wp-json\/wp\/v2\/media?parent=17939"}],"wp:term":[{"taxonomy":"category","embeddable":true,"href":"https:\/\/alertasaltillo.com\/index.php\/wp-json\/wp\/v2\/categories?post=17939"},{"taxonomy":"post_tag","embeddable":true,"href":"https:\/\/alertasaltillo.com\/index.php\/wp-json\/wp\/v2\/tags?post=17939"}],"curies":[{"name":"wp","href":"https:\/\/api.w.org\/{rel}","templated":true}]}}