{"id":17867,"date":"2025-07-03T14:25:38","date_gmt":"2025-07-03T14:25:38","guid":{"rendered":"https:\/\/alertasaltillo.com\/?p=17867"},"modified":"2025-07-03T14:25:41","modified_gmt":"2025-07-03T14:25:41","slug":"caen-dos-con-200-mil-pastillas-de-fentanilo","status":"publish","type":"post","link":"https:\/\/alertasaltillo.com\/index.php\/2025\/07\/03\/caen-dos-con-200-mil-pastillas-de-fentanilo\/","title":{"rendered":"CAEN DOS CON 200 MIL PASTILLAS DE FENTANILO"},"content":{"rendered":"\n<p>Tras una denuncia an\u00f3nima, dos personas que trasladaban en un transporte de pasajeros, alrededor de&nbsp;<strong>200 mil pastillas de fentanilo<\/strong>, fueron detenidas en<strong>&nbsp;el tramo carretero Caborca-Sonoyta.<\/strong><\/p>\n\n\n\n<p>La Mesa Estatal de Seguridad inform\u00f3 que la<strong>&nbsp;Fiscal\u00eda General de la Rep\u00fablica (FGR),&nbsp;<\/strong>a trav\u00e9s de la Fiscal\u00eda Especializada de Control Regional (Fecor) en Sonora, inici\u00f3 carpeta de investigaci\u00f3n en contra de dos personas por su<strong>&nbsp;probable responsabilidad en el delito de contra la salud<\/strong>&nbsp;en la modalidad de transporte de fentanilo.<\/p>\n\n\n\n<p>Derivado de una denuncia an\u00f3nima, elementos de la Polic\u00eda Federal Ministerial (PFM) de la&nbsp;<strong>Agencia de Investigaci\u00f3n Criminal (AIC),<\/strong>&nbsp;se trasladaron a inmediaciones del kil\u00f3metro 120 de la Carretera Internacional, en el citado tramo carretero, donde detuvieron la marcha de un autob\u00fas y luego de una inspecci\u00f3n, detuvieron a&nbsp;<strong>Carlos \u201cN\u201d y Ricardo \u201cN\u201d.<\/strong><\/p>\n\n\n\n<p>Los polic\u00edas&nbsp;<strong>aseguraron 20 bolsas que conten\u00edan alrededor de 200 mil pastillas de fentanilo<\/strong>&nbsp;que arrojaron un peso aproximado de 19 kilos 800 gramos, el autob\u00fas, entre otros objetos.<\/p>\n\n\n\n<p>Los imputados, el narc\u00f3tico y los objetos asegurados quedaron a disposici\u00f3n del Ministerio P\u00fablico Federal (MPF), quien realiza los tr\u00e1mites legales correspondientes para proceder conforme a derecho.<\/p>\n\n\n\n<p>Con Informaci\u00f3n tomada de EL DIARIO DE COAHUILA<\/p>\n","protected":false},"excerpt":{"rendered":"<p>Tras una denuncia an\u00f3nima, dos personas que trasladaban en un transporte de pasajeros, alrededor de&nbsp;200 mil pastillas de fentanilo, fueron detenidas en&nbsp;el tramo carretero Caborca-Sonoyta. La Mesa Estatal de Seguridad inform\u00f3 que la&nbsp;Fiscal\u00eda General de la Rep\u00fablica (FGR),&nbsp;a trav\u00e9s de la Fiscal\u00eda Especializada de Control Regional (Fecor) en Sonora, inici\u00f3 carpeta de investigaci\u00f3n en contra [&hellip;]<\/p>\n","protected":false},"author":4,"featured_media":17868,"comment_status":"open","ping_status":"open","sticky":false,"template":"","format":"standard","meta":[],"categories":[185],"tags":[],"_links":{"self":[{"href":"https:\/\/alertasaltillo.com\/index.php\/wp-json\/wp\/v2\/posts\/17867"}],"collection":[{"href":"https:\/\/alertasaltillo.com\/index.php\/wp-json\/wp\/v2\/posts"}],"about":[{"href":"https:\/\/alertasaltillo.com\/index.php\/wp-json\/wp\/v2\/types\/post"}],"author":[{"embeddable":true,"href":"https:\/\/alertasaltillo.com\/index.php\/wp-json\/wp\/v2\/users\/4"}],"replies":[{"embeddable":true,"href":"https:\/\/alertasaltillo.com\/index.php\/wp-json\/wp\/v2\/comments?post=17867"}],"version-history":[{"count":1,"href":"https:\/\/alertasaltillo.com\/index.php\/wp-json\/wp\/v2\/posts\/17867\/revisions"}],"predecessor-version":[{"id":17869,"href":"https:\/\/alertasaltillo.com\/index.php\/wp-json\/wp\/v2\/posts\/17867\/revisions\/17869"}],"wp:featuredmedia":[{"embeddable":true,"href":"https:\/\/alertasaltillo.com\/index.php\/wp-json\/wp\/v2\/media\/17868"}],"wp:attachment":[{"href":"https:\/\/alertasaltillo.com\/index.php\/wp-json\/wp\/v2\/media?parent=17867"}],"wp:term":[{"taxonomy":"category","embeddable":true,"href":"https:\/\/alertasaltillo.com\/index.php\/wp-json\/wp\/v2\/categories?post=17867"},{"taxonomy":"post_tag","embeddable":true,"href":"https:\/\/alertasaltillo.com\/index.php\/wp-json\/wp\/v2\/tags?post=17867"}],"curies":[{"name":"wp","href":"https:\/\/api.w.org\/{rel}","templated":true}]}}