{"id":17734,"date":"2025-06-30T20:51:51","date_gmt":"2025-06-30T20:51:51","guid":{"rendered":"https:\/\/alertasaltillo.com\/?p=17734"},"modified":"2025-06-30T20:51:54","modified_gmt":"2025-06-30T20:51:54","slug":"refuerza-coahuila-acciones-coordinadas-por-la-calidad-del-aire","status":"publish","type":"post","link":"https:\/\/alertasaltillo.com\/index.php\/2025\/06\/30\/refuerza-coahuila-acciones-coordinadas-por-la-calidad-del-aire\/","title":{"rendered":"REFUERZA COAHUILA ACCIONES COORDINADAS POR LA CALIDAD DEL AIRE"},"content":{"rendered":"\n<p>Saltillo, Coahuila de Zaragoza; 25 de junio de 2025. \u2013 El Gobierno del Estado de Coahuila, a trav\u00e9s de la Secretar\u00eda de Medio Ambiente, llev\u00f3 a cabo la primera reuni\u00f3n de trabajo del a\u00f1o del Comit\u00e9 T\u00e9cnico de Calidad del Aire, con el objetivo de fortalecer la coordinaci\u00f3n interinstitucional y reforzar las estrategias para la mejora de la calidad del aire en la entidad.<\/p>\n\n\n\n<p>La sesi\u00f3n tuvo lugar en el Auditorio \u201cHoracio del Bosque\u201d de la Secretar\u00eda del Medio Ambiente, donde participaron representantes de dependencias estatales, federales, acad\u00e9micas, as\u00ed como integrantes del sector industrial y de organizaciones de la sociedad civil. Durante el encuentro se abordaron temas relacionados con la vigilancia de contaminantes atmosf\u00e9ricos, la actualizaci\u00f3n de diagn\u00f3sticos regionales, y la evaluaci\u00f3n de pol\u00edticas p\u00fablicas orientadas a la reducci\u00f3n de emisiones.<\/p>\n\n\n\n<p>Adem\u00e1s se present\u00f3 la primera versi\u00f3n del Programa para Prevenir y Responder a Contingencias Ambientales Atmosf\u00e9ricas en el Estado de Coahuila de Zaragoza con la finalidad de que los miembros del Comit\u00e9 realicen las observaciones pertinentes previas a su publicaci\u00f3n definitiva. Uno de los siguientes pasos a realizar es la conformaci\u00f3n de la Comisi\u00f3n Ambiental Metropolitana entre los municipios de la zona metropolitana de Monterrey y los de la zona metropolitana de Saltillo.<\/p>\n\n\n\n<p>En su mensaje, la Secretaria de Medio Ambiente, Diana Susana Estens de la Garza, destac\u00f3 la importancia de mantener un trabajo colaborativo y constante entre los diferentes sectores. \u00abLa calidad del aire no es un tema aislado, sino una responsabilidad compartida. Desde el Gobierno del Estado estamos comprometidos a impulsar acciones que garantizan un entorno m\u00e1s saludable para todas y todos los coahuilenses. Esta mesa t\u00e9cnica es una muestra del inter\u00e9s colectivo por tomar decisiones informadas y con base cient\u00edfica\u00bb, se\u00f1al\u00f3.<\/p>\n\n\n\n<p>Asimismo, se presentaron avances de los programas de monitoreo atmosf\u00e9rico en zonas estrat\u00e9gicas del estado, as\u00ed como propuestas para fortalecer la participaci\u00f3n ciudadana en la vigilancia ambiental. Las y los integrantes del comit\u00e9 coincidieron en la necesidad de seguir promoviendo medidas preventivas, campa\u00f1as de concientizaci\u00f3n y el uso de tecnolog\u00edas limpias.<\/p>\n\n\n\n<p>Con este tipo de ejercicios de di\u00e1logo y planeaci\u00f3n conjunta, el Gobierno de Coahuila reafirma su compromiso por un desarrollo sustentable y por garantizar el derecho de la poblaci\u00f3n a respirar un aire limpio.<\/p>\n\n\n\n<p><\/p>\n","protected":false},"excerpt":{"rendered":"<p>Saltillo, Coahuila de Zaragoza; 25 de junio de 2025. \u2013 El Gobierno del Estado de Coahuila, a trav\u00e9s de la Secretar\u00eda de Medio Ambiente, llev\u00f3 a cabo la primera reuni\u00f3n de trabajo del a\u00f1o del Comit\u00e9 T\u00e9cnico de Calidad del Aire, con el objetivo de fortalecer la coordinaci\u00f3n interinstitucional y reforzar las estrategias para la [&hellip;]<\/p>\n","protected":false},"author":4,"featured_media":17735,"comment_status":"open","ping_status":"open","sticky":false,"template":"","format":"standard","meta":[],"categories":[4],"tags":[],"_links":{"self":[{"href":"https:\/\/alertasaltillo.com\/index.php\/wp-json\/wp\/v2\/posts\/17734"}],"collection":[{"href":"https:\/\/alertasaltillo.com\/index.php\/wp-json\/wp\/v2\/posts"}],"about":[{"href":"https:\/\/alertasaltillo.com\/index.php\/wp-json\/wp\/v2\/types\/post"}],"author":[{"embeddable":true,"href":"https:\/\/alertasaltillo.com\/index.php\/wp-json\/wp\/v2\/users\/4"}],"replies":[{"embeddable":true,"href":"https:\/\/alertasaltillo.com\/index.php\/wp-json\/wp\/v2\/comments?post=17734"}],"version-history":[{"count":1,"href":"https:\/\/alertasaltillo.com\/index.php\/wp-json\/wp\/v2\/posts\/17734\/revisions"}],"predecessor-version":[{"id":17736,"href":"https:\/\/alertasaltillo.com\/index.php\/wp-json\/wp\/v2\/posts\/17734\/revisions\/17736"}],"wp:featuredmedia":[{"embeddable":true,"href":"https:\/\/alertasaltillo.com\/index.php\/wp-json\/wp\/v2\/media\/17735"}],"wp:attachment":[{"href":"https:\/\/alertasaltillo.com\/index.php\/wp-json\/wp\/v2\/media?parent=17734"}],"wp:term":[{"taxonomy":"category","embeddable":true,"href":"https:\/\/alertasaltillo.com\/index.php\/wp-json\/wp\/v2\/categories?post=17734"},{"taxonomy":"post_tag","embeddable":true,"href":"https:\/\/alertasaltillo.com\/index.php\/wp-json\/wp\/v2\/tags?post=17734"}],"curies":[{"name":"wp","href":"https:\/\/api.w.org\/{rel}","templated":true}]}}