{"id":17706,"date":"2025-06-27T05:17:46","date_gmt":"2025-06-27T05:17:46","guid":{"rendered":"https:\/\/alertasaltillo.com\/?p=17706"},"modified":"2025-06-27T05:17:50","modified_gmt":"2025-06-27T05:17:50","slug":"rina-a-balazos-en-penal-de-culiacan-deja-un-muerto-y-tres-heridos","status":"publish","type":"post","link":"https:\/\/alertasaltillo.com\/index.php\/2025\/06\/27\/rina-a-balazos-en-penal-de-culiacan-deja-un-muerto-y-tres-heridos\/","title":{"rendered":"RI\u00d1A A BALAZOS EN PENAL DE CULIAC\u00c1N DEJA UN MUERTO Y TRES HERIDOS"},"content":{"rendered":"\n<p><\/p>\n\n\n\n<h2>Un interno muerto y tres heridos fue el saldo que dej\u00f3 una ri\u00f1a a balazos que tuvo lugar al interior del penal de Culiac\u00e1n<\/h2>\n\n\n\n<p>Un interno muerto y al menos otros tres heridos es el saldo preliminar de una&nbsp;<a href=\"https:\/\/www.excelsior.com.mx\/balaceras\" target=\"_blank\" rel=\"noreferrer noopener\">ri\u00f1a a balazos<\/a>&nbsp;al interior del penal de Culiac\u00e1n, en&nbsp;<a href=\"https:\/\/www.excelsior.com.mx\/sinaloa\" target=\"_blank\" rel=\"noreferrer noopener\">Sinaloa<\/a>, registrada la tarde del jueves 26 de junio.<\/p>\n\n\n\n<p>Luego del reporte de disparos de arma de fuego al interior del centro penitenciario, las autoridades de diversas corporaciones se trasladaron al sitio para intentar controlar la situaci\u00f3n.<\/p>\n\n\n\n<p>Las ambulancias fueron acompa\u00f1adas en medio de un fuerte dispositivo de seguridad, y los reos quedaron con resguardo de las autoridades.<\/p>\n\n\n\n<p>El interno que perdi\u00f3 la vida fue identificado como Pedro Ad\u00e1n, de 33 a\u00f1os de edad, originario del municipio de Rosario, pero hasta el momento no se ha dado a conocer desde cuanto estaba internado y por qu\u00e9 delitos.<\/p>\n\n\n\n<p>De los intentos heridos, se dijo que ten\u00edan 45, 30 y 29 a\u00f1os de edad, pero sin ning\u00fan otro detalle.<\/p>\n\n\n\n<p>Apenas el 21 de mayo se registr\u00f3 otro enfrentamiento a balazos al interior del penal de Culiac\u00e1n, y luego de eso, las autoridades localizaron un t\u00fanel en construcci\u00f3n, armas de fuego, droga, equipo de comunicaci\u00f3n y dinero en efectivo.<\/p>\n\n\n\n<p>Tan s\u00f3lo en mes de mayo, las autoridades estatales hab\u00edan reportado el aseguramiento de m\u00e1s de 70 armas largas y cortas dentro del penal de Culiac\u00e1n.<\/p>\n\n\n\n<p>Con Informaci\u00f3n tomada de EXC\u00c9LSIOR<\/p>\n\n\n\n<p><\/p>\n","protected":false},"excerpt":{"rendered":"<p>Un interno muerto y tres heridos fue el saldo que dej\u00f3 una ri\u00f1a a balazos que tuvo lugar al interior del penal de Culiac\u00e1n Un interno muerto y al menos otros tres heridos es el saldo preliminar de una&nbsp;ri\u00f1a a balazos&nbsp;al interior del penal de Culiac\u00e1n, en&nbsp;Sinaloa, registrada la tarde del jueves 26 de junio. [&hellip;]<\/p>\n","protected":false},"author":4,"featured_media":17707,"comment_status":"open","ping_status":"open","sticky":false,"template":"","format":"standard","meta":[],"categories":[185],"tags":[],"_links":{"self":[{"href":"https:\/\/alertasaltillo.com\/index.php\/wp-json\/wp\/v2\/posts\/17706"}],"collection":[{"href":"https:\/\/alertasaltillo.com\/index.php\/wp-json\/wp\/v2\/posts"}],"about":[{"href":"https:\/\/alertasaltillo.com\/index.php\/wp-json\/wp\/v2\/types\/post"}],"author":[{"embeddable":true,"href":"https:\/\/alertasaltillo.com\/index.php\/wp-json\/wp\/v2\/users\/4"}],"replies":[{"embeddable":true,"href":"https:\/\/alertasaltillo.com\/index.php\/wp-json\/wp\/v2\/comments?post=17706"}],"version-history":[{"count":1,"href":"https:\/\/alertasaltillo.com\/index.php\/wp-json\/wp\/v2\/posts\/17706\/revisions"}],"predecessor-version":[{"id":17708,"href":"https:\/\/alertasaltillo.com\/index.php\/wp-json\/wp\/v2\/posts\/17706\/revisions\/17708"}],"wp:featuredmedia":[{"embeddable":true,"href":"https:\/\/alertasaltillo.com\/index.php\/wp-json\/wp\/v2\/media\/17707"}],"wp:attachment":[{"href":"https:\/\/alertasaltillo.com\/index.php\/wp-json\/wp\/v2\/media?parent=17706"}],"wp:term":[{"taxonomy":"category","embeddable":true,"href":"https:\/\/alertasaltillo.com\/index.php\/wp-json\/wp\/v2\/categories?post=17706"},{"taxonomy":"post_tag","embeddable":true,"href":"https:\/\/alertasaltillo.com\/index.php\/wp-json\/wp\/v2\/tags?post=17706"}],"curies":[{"name":"wp","href":"https:\/\/api.w.org\/{rel}","templated":true}]}}