{"id":17603,"date":"2025-06-22T04:48:28","date_gmt":"2025-06-22T04:48:28","guid":{"rendered":"https:\/\/alertasaltillo.com\/?p=17603"},"modified":"2025-06-22T04:48:30","modified_gmt":"2025-06-22T04:48:30","slug":"censo-de-damnificados-en-oaxaca-se-realizara-cuando-se-arreglen-las-carreteras-sheinbaum","status":"publish","type":"post","link":"https:\/\/alertasaltillo.com\/index.php\/2025\/06\/22\/censo-de-damnificados-en-oaxaca-se-realizara-cuando-se-arreglen-las-carreteras-sheinbaum\/","title":{"rendered":"CENSO DE DAMNIFICADOS EN OAXACA SE REALIZAR\u00c1 CUANDO SE ARREGLEN LAS CARRETERAS: SHEINBAUM"},"content":{"rendered":"\n<p>La mandataria federal sobrevol\u00f3 este viernes las zonas afectadas por el hurac\u00e1n Erick junto al gobernador de Oaxaca, Salom\u00f3n Jara<\/p>\n\n\n\n<p>Tras recorrer las comunidades afectadas por el impacto del<strong>&nbsp;hurac\u00e1n Erick en Oaxaca<\/strong>, la presidenta Claudia Sheinbaum dijo que se realizar\u00e1 un censo a cargo de la Secretar\u00eda del Bienestar para cuantificar a las&nbsp;<strong>personas damnificadas<\/strong>.<\/p>\n\n\n\n<p>El censo, dijo, se realizar\u00e1 una vez que la Secretar\u00eda de Infraestructura, Comunicaciones y Transportes reabra las&nbsp;<strong>carreteras<\/strong>&nbsp;que resultaron afectadas por el cicl\u00f3n.<\/p>\n\n\n\n<p>\u201cLa secretar\u00eda de la Defensa y la Secretar\u00eda de la Marina, entre ambos van a traer\u00a0<strong>alimentaci\u00f3n, agua potable<\/strong>, lo m\u00ednimo indispensable para que todos puedan alimentarse\u201d.<\/p>\n\n\n\n<p>\u201cLa Secretar\u00eda de infraestructura Comunicaciones y Transportes va a traer m\u00e1quinas para abrir el camino y ya los compa\u00f1eros del Bienestar&nbsp;<strong>cuando est\u00e9 el camino vamos a hacer el censo<\/strong>\u201d expuso la presidenta ante habitantes de Corralero, una de las comunidades m\u00e1s afectadas.<\/p>\n\n\n\n<p>El paso del cicl\u00f3n provoc\u00f3 el\u00a0<strong>cierre total de tres puntos carreteros<\/strong>: la de Pinotepa Nacional a Salina Cruz en el kil\u00f3metro 142+550; y otros dos cierres en la carretera de Oaxaca a Puerto \u00c1ngel, en los kil\u00f3metros 142+500 y 146+000.<\/p>\n\n\n\n<p>Con Informaci\u00f3n tomada de EL SOL DE M\u00c9XICO<\/p>\n","protected":false},"excerpt":{"rendered":"<p>La mandataria federal sobrevol\u00f3 este viernes las zonas afectadas por el hurac\u00e1n Erick junto al gobernador de Oaxaca, Salom\u00f3n Jara Tras recorrer las comunidades afectadas por el impacto del&nbsp;hurac\u00e1n Erick en Oaxaca, la presidenta Claudia Sheinbaum dijo que se realizar\u00e1 un censo a cargo de la Secretar\u00eda del Bienestar para cuantificar a las&nbsp;personas damnificadas. El [&hellip;]<\/p>\n","protected":false},"author":4,"featured_media":17604,"comment_status":"open","ping_status":"open","sticky":false,"template":"","format":"standard","meta":[],"categories":[185],"tags":[],"_links":{"self":[{"href":"https:\/\/alertasaltillo.com\/index.php\/wp-json\/wp\/v2\/posts\/17603"}],"collection":[{"href":"https:\/\/alertasaltillo.com\/index.php\/wp-json\/wp\/v2\/posts"}],"about":[{"href":"https:\/\/alertasaltillo.com\/index.php\/wp-json\/wp\/v2\/types\/post"}],"author":[{"embeddable":true,"href":"https:\/\/alertasaltillo.com\/index.php\/wp-json\/wp\/v2\/users\/4"}],"replies":[{"embeddable":true,"href":"https:\/\/alertasaltillo.com\/index.php\/wp-json\/wp\/v2\/comments?post=17603"}],"version-history":[{"count":1,"href":"https:\/\/alertasaltillo.com\/index.php\/wp-json\/wp\/v2\/posts\/17603\/revisions"}],"predecessor-version":[{"id":17605,"href":"https:\/\/alertasaltillo.com\/index.php\/wp-json\/wp\/v2\/posts\/17603\/revisions\/17605"}],"wp:featuredmedia":[{"embeddable":true,"href":"https:\/\/alertasaltillo.com\/index.php\/wp-json\/wp\/v2\/media\/17604"}],"wp:attachment":[{"href":"https:\/\/alertasaltillo.com\/index.php\/wp-json\/wp\/v2\/media?parent=17603"}],"wp:term":[{"taxonomy":"category","embeddable":true,"href":"https:\/\/alertasaltillo.com\/index.php\/wp-json\/wp\/v2\/categories?post=17603"},{"taxonomy":"post_tag","embeddable":true,"href":"https:\/\/alertasaltillo.com\/index.php\/wp-json\/wp\/v2\/tags?post=17603"}],"curies":[{"name":"wp","href":"https:\/\/api.w.org\/{rel}","templated":true}]}}