{"id":17558,"date":"2025-06-22T03:29:19","date_gmt":"2025-06-22T03:29:19","guid":{"rendered":"https:\/\/alertasaltillo.com\/?p=17558"},"modified":"2025-06-22T03:29:22","modified_gmt":"2025-06-22T03:29:22","slug":"reiteramos-nuestro-compromiso-con-la-inclusion-en-coahuila-manolo","status":"publish","type":"post","link":"https:\/\/alertasaltillo.com\/index.php\/2025\/06\/22\/reiteramos-nuestro-compromiso-con-la-inclusion-en-coahuila-manolo\/","title":{"rendered":"REITERAMOS NUESTRO COMPROMISO CON LA INCLUSI\u00d3N EN COAHUILA: MANOLO"},"content":{"rendered":"\n<p>&nbsp;<strong><em>Gobernador del Estado premia a las y los ganadores del Concurso Estatal de Dibujo #YoPorLaInclusi\u00f3n<\/em><\/strong><\/p>\n\n\n\n<p>Saltillo, Coahuila de Zaragoza; a 19 de junio de 2025.- El gobernador Manolo Jim\u00e9nez Salinas premi\u00f3 a los ganadores del Concurso Estatal de Dibujo #YoPorLaInclusi\u00f3n, en el cual particip\u00f3 m\u00e1s de 550 ni\u00f1as, ni\u00f1os, adolescentes y j\u00f3venes de todas las regiones de Coahuila, y con el cual se reitera el mensaje de que Coahuila es el punto de encuentro de todas y todos.<\/p>\n\n\n\n<p>\u00abHoy premiamos a las ni\u00f1as, ni\u00f1od, adolescentes y j\u00f3venes que participaron en el 5\u00ba Concurso Estatal de Dibujo #YoPorLaInclusi\u00f3n. M\u00e1s de 550 participantes se sumaron con sus dibujos, con sus ideas y con su visi\u00f3n de un Coahuila m\u00e1s inclusivo e incluyente para todas y todos. En Coahuila la inclusi\u00f3n se construye todos los d\u00edas. Cuenten con nosotros al 100 por ciento\u00bb, destac\u00f3.<\/p>\n\n\n\n<p>Manolo Jim\u00e9nez se\u00f1al\u00f3 que uno de los factores por los que Coahuila va por buen camino, es que su administraci\u00f3n trabaja con las puertas abiertas y en equipo con todos y todos, y que no se discrimina a nadie ni desde la preferencia, ni desde la condici\u00f3n, ni desde el tema pol\u00edtico.<\/p>\n\n\n\n<p>\u201cCoahuila es mucho m\u00e1s grande que cualquiera de nosotros. Y Coahuila nos necesita a todas y todos en la misma sinton\u00eda\u201d, mencion\u00f3.<\/p>\n\n\n\n<p>Luego de felicitar a las y los ganadores de este concurso, as\u00ed como a todos y todos los participantes, el Mandatario estatal record\u00f3 la importancia de continuar difundiendo el respeto entre nuestra comunidad; tener apertura y tener la madurez para respetar al pr\u00f3jimo, independientemente de su preferencia o su condici\u00f3n.<\/p>\n\n\n\n<p>Jim\u00e9nez Salinas reiter\u00f3 su respaldo y el del Gobierno del Estado para sumarse a este tipo de eventos que, dijo, abonan al fortalecimiento de nuestra comunidad.<\/p>\n\n\n\n<p>Destac\u00f3 que hoy Coahuila tiene una de las mejores calidades de vida de M\u00e9xico, y que eso se debe a un trabajo en equipo entre todas y entre todos.<\/p>\n\n\n\n<p>\u201cAs\u00ed que aqu\u00ed hay que seguir trabajando por este gran estado\u201d, manifest\u00f3 el Gobernador del Estado.<\/p>\n\n\n\n<p>Enrique Mart\u00ednez y Morales, secretario de Inclusi\u00f3n y Desarrollo Social expres\u00f3 que este evento es una muestra de compromiso social, de solidaridad con la comunidad; una caricia al coraz\u00f3n, un llamado a la conciencia.<\/p>\n\n\n\n<p>Mencion\u00f3 que la instrucci\u00f3n del gobernador Manolo Jim\u00e9nez es ver por todos los grupos vulnerabilizados a trav\u00e9s del tiempo para hacerlos visibles, y que sean incorporados en la ola del desarrollo.<\/p>\n\n\n\n<p>Por su parte, Javier D\u00edaz Gonz\u00e1lez, alcalde de Saltillo reconoci\u00f3 ya agradeci\u00f3 al gobernador Manolo Jim\u00e9nez por su visi\u00f3n clara y su compromiso incansable por un Coahuila seguro, competitivo e inclusivo.<\/p>\n\n\n\n<p>Mencion\u00f3 que la inclusi\u00f3n significa derribar barreras y prejuicios para que cada persona pueda aprender, crecer y aportar plenamente a nuestra comunidad.<\/p>\n\n\n\n<p>Patricia Yeverino Mayola, de la direcci\u00f3n para Promover la Igualdad y Prevenir la Discriminaci\u00f3n agradeci\u00f3 al gobernador Manolo Jim\u00e9nez y al secretario Enrique Mart\u00ednez por respaldar estos espacios que permiten escuchar a trav\u00e9s del arte, las voces de quienes muchas veces, no son escuchados o escuchadas: nuestras infancias, adolescencias o juventudes.<\/p>\n\n\n\n<p>Daniela Vianey Garc\u00eda Padilla, ganadora de la categor\u00eda \u201cB\u201d agradeci\u00f3 a Manolo Jim\u00e9nez porque, a trav\u00e9s de este concurso ha brindado un valioso espacio para que cientos j\u00f3venes puedan compartir y demostrar de lo que son capaces.<\/p>\n\n\n\n<p>\u201cGracias por impulsar iniciativas que nos permiten ser vistos, ser escuchados y ser valorados; que reconocen la importancia de las actividades culturales en la formaci\u00f3n de una sociedad m\u00e1s sensible y creativa\u201d, mencion\u00f3.<\/p>\n\n\n\n<p>Los dibujos participaron en dos categor\u00edas: \u201cA\u201d de 10 a 15 a\u00f1os; y \u201cB\u201d de 16 a 25 a\u00f1os, y que se recibieron trabajos de 18 municipios.<\/p>\n\n\n\n<p>Acompa\u00f1aron al gobernador en este evento, adem\u00e1s, Jeric\u00f3 Abramo Masso, diputado federal; Luis Alberto Dur\u00e1n, subsecretario de Inclusi\u00f3n.<\/p>\n\n\n\n<p><\/p>\n","protected":false},"excerpt":{"rendered":"<p>&nbsp;Gobernador del Estado premia a las y los ganadores del Concurso Estatal de Dibujo #YoPorLaInclusi\u00f3n Saltillo, Coahuila de Zaragoza; a 19 de junio de 2025.- El gobernador Manolo Jim\u00e9nez Salinas premi\u00f3 a los ganadores del Concurso Estatal de Dibujo #YoPorLaInclusi\u00f3n, en el cual particip\u00f3 m\u00e1s de 550 ni\u00f1as, ni\u00f1os, adolescentes y j\u00f3venes de todas las [&hellip;]<\/p>\n","protected":false},"author":4,"featured_media":17559,"comment_status":"open","ping_status":"open","sticky":false,"template":"","format":"standard","meta":[],"categories":[4],"tags":[],"_links":{"self":[{"href":"https:\/\/alertasaltillo.com\/index.php\/wp-json\/wp\/v2\/posts\/17558"}],"collection":[{"href":"https:\/\/alertasaltillo.com\/index.php\/wp-json\/wp\/v2\/posts"}],"about":[{"href":"https:\/\/alertasaltillo.com\/index.php\/wp-json\/wp\/v2\/types\/post"}],"author":[{"embeddable":true,"href":"https:\/\/alertasaltillo.com\/index.php\/wp-json\/wp\/v2\/users\/4"}],"replies":[{"embeddable":true,"href":"https:\/\/alertasaltillo.com\/index.php\/wp-json\/wp\/v2\/comments?post=17558"}],"version-history":[{"count":1,"href":"https:\/\/alertasaltillo.com\/index.php\/wp-json\/wp\/v2\/posts\/17558\/revisions"}],"predecessor-version":[{"id":17560,"href":"https:\/\/alertasaltillo.com\/index.php\/wp-json\/wp\/v2\/posts\/17558\/revisions\/17560"}],"wp:featuredmedia":[{"embeddable":true,"href":"https:\/\/alertasaltillo.com\/index.php\/wp-json\/wp\/v2\/media\/17559"}],"wp:attachment":[{"href":"https:\/\/alertasaltillo.com\/index.php\/wp-json\/wp\/v2\/media?parent=17558"}],"wp:term":[{"taxonomy":"category","embeddable":true,"href":"https:\/\/alertasaltillo.com\/index.php\/wp-json\/wp\/v2\/categories?post=17558"},{"taxonomy":"post_tag","embeddable":true,"href":"https:\/\/alertasaltillo.com\/index.php\/wp-json\/wp\/v2\/tags?post=17558"}],"curies":[{"name":"wp","href":"https:\/\/api.w.org\/{rel}","templated":true}]}}