{"id":17438,"date":"2025-06-18T19:48:19","date_gmt":"2025-06-18T19:48:19","guid":{"rendered":"https:\/\/alertasaltillo.com\/?p=17438"},"modified":"2025-06-18T19:48:22","modified_gmt":"2025-06-18T19:48:22","slug":"con-verde-verde-coahuila-sembramos-20-mil-arboles-en-los-38-municipios","status":"publish","type":"post","link":"https:\/\/alertasaltillo.com\/index.php\/2025\/06\/18\/con-verde-verde-coahuila-sembramos-20-mil-arboles-en-los-38-municipios\/","title":{"rendered":"CON \u00abVERDE VERDE COAHUILA\u00bb SEMBRAMOS 20 MIL \u00c1RBOLES EN LOS 38 MUNICIPIOS"},"content":{"rendered":"\n<p><\/p>\n\n\n\n<p><strong><em>Desde Sabinas tambi\u00e9n arranca obras sociales y entrega infraestructura educativa<\/em><\/strong><\/p>\n\n\n\n<p><strong><em>De manera simult\u00e1nea en todo el estado, se pone en marcha la jornada de reforestaci\u00f3n Verde Verde Coahuila, mediante la que se sembrar\u00e1n 20 mil \u00e1rboles.<\/em><\/strong><\/p>\n\n\n\n<p>Sabinas, Coahuila de Zaragoza; a 14 de junio de 2025.- Desde el municipio de Sabinas y de manera simult\u00e1nea en todo el estado, el gobernador Manolo Jim\u00e9nez Salinas puso en marcha la jornada de reforestaci\u00f3n \u201cVerde Verde Coahuila\u201d, en la que tan solo este d\u00eda se estar\u00e1n plantando 20 mil \u00e1rboles en los 38 municipios de la entidad.<\/p>\n\n\n\n<p>Adem\u00e1s, en compa\u00f1\u00eda del alcalde Jos\u00e9 Feliciano D\u00edaz, se entreg\u00f3 un techumbre en la escuela secundaria \u201cRa\u00fal M. Guzm\u00e1n Pe\u00f1a\u201d, con la que se dio arranque al programa Obras Sociales a Pasos de Gigante en este municipio, en el que se est\u00e1n invirtiendo 17.8 millones de pesos en acciones de agua, drenaje, electrificaci\u00f3n, techos, cuartos, plazas y escuelas, entre otras.<\/p>\n\n\n\n<p>\u00abMuy productiva gira por Sabinas. Entregamos el techumbre de la secundaria Ra\u00fal M. Guzm\u00e1n, arrancamos el programa \u00abObras Sociales a Pasos de Gigante\u00bb y encabezamos la gran jornada de reforestaci\u00f3n \u00abVerde Verde Coahuila\u00bb que se llev\u00f3 a cabo de manera simult\u00e1nea en los 38 municipios del Estado, sembrando entre sociedad y gobierno 20 mil \u00e1rboles. Muchas gracias a todos los participantes. \u00a1Seguimos trabajando con todo pa&#8217;delante por el bien de \u00a1Coahuila!\u00bb, resalt\u00f3 el gobernador.<\/p>\n\n\n\n<p>La jornada de reforestaci\u00f3n Verde Verde Coahuila busca sensibilizar a la ciudadan\u00eda sobre el cuidado de los ecosistemas, fomentando la conservaci\u00f3n mediante la plantaci\u00f3n de \u00e1rboles adecuada a cada regi\u00f3n.<\/p>\n\n\n\n<p>En su mensaje, Manolo Jim\u00e9nez coment\u00f3 que la jornada de reforestaci\u00f3n simult\u00e1nea en la entidad, es parte de las acciones con las que se sigue celebrando el D\u00eda Mundial del Medio Ambiente, y que es un ejemplo del compromiso de su gobierno para cuidar y conservar el medio ambiente.<\/p>\n\n\n\n<p>Asimismo, mencion\u00f3 que se tiene un gran compromiso con la regi\u00f3n Carbon\u00edfera, y que en lo que va de su administraci\u00f3n se han invertido cientos de millones de pesos en obras, proyectos y programas para beneficio de sus habitantes.<\/p>\n\n\n\n<p>Destac\u00f3 la gran inversi\u00f3n que se est\u00e1 realizando en la Carbon\u00edfera en el tema del agua, que fue de los temas m\u00e1s importantes que la gente de esta regi\u00f3n coment\u00f3 durante su campa\u00f1a.<\/p>\n\n\n\n<p>\u201cEstamos invirtiendo arriba de cien millones de pesos tan solo en infraestructura h\u00eddrica para M\u00fazquiz, San Juan de Sabinas y Sabinas para que dentro de unos meses este problema est\u00e9 solucionado\u201d, se\u00f1al\u00f3.<\/p>\n\n\n\n<p>Reiter\u00f3 su compromiso de seguir trabajando en equipo con todos los alcaldes y alcaldesas de Coahuila, para que, juntos, puedan realizar m\u00e1s obras que impacten positivamente en la calidad de vida de las familias.<\/p>\n\n\n\n<p>\u201cCuando se pone por delante a nuestros municipios ya nuestro estado, se lograr grandes cosas; por eso, aqu\u00ed vamos a seguir trabajando en equipo con los 38 municipios de Coahuila y con su gente\u201d, expres\u00f3.<\/p>\n\n\n\n<p>De la misma manera, el Mandatario estatal externo que su administraci\u00f3n est\u00e1 trabajando intensamente en el tema del desarrollo econ\u00f3mico para esta regi\u00f3n, con importantes programas para atraer empresas y que lleguen a m\u00e1s empleos.<\/p>\n\n\n\n<p>Abund\u00f3 que el tema de seguridad es prioritario para su gobierno, por lo que todos los d\u00edas se trabaja para seguir fortaleciendo el modelo de seguridad, reforzando el blindaje en el estado y manteniendo el clima de paz y tranquilidad en todas las regiones.<\/p>\n\n\n\n<p>En ese sentido, inform\u00f3 que se est\u00e1n invirtiendo una gran cantidad de recursos para construir o rehabilitar cuarteles para la Polic\u00eda Estatal y el Ej\u00e9rcito Mexicano en puntos estrat\u00e9gicos de todas las regiones de la entidad, y enumer\u00f3 algunas de las acciones que se est\u00e1n realizando en el tema en la regi\u00f3n Carbon\u00edfera.<\/p>\n\n\n\n<p>Mar\u00eda B\u00e1rbara Cepeda Boehringer, secretaria de Vinculaci\u00f3n Ciudadana, explic\u00f3 que en un esfuerzo simult\u00e1neo en todo el estado, hoy se realiza la megareforestaci\u00f3n Verde Verde Coahuila para reforestar en \u00e1reas estrat\u00e9gicas, contribuyendo a la restauraci\u00f3n ambiental y el mejoramiento de los espacios comunes.<\/p>\n\n\n\n<p>\u201cGracias al trabajo en equipo entre el Gobierno del Estado, municipios y empresarios de las cinco regiones de Coahuila, nuestro gobernador hoy est\u00e1 entregando 20 mil \u00e1rboles para reforestar en todos los municipios del estado\u201d, inform\u00f3.<\/p>\n\n\n\n<p>Federico Quintanilla Riojas, coordinado de Mejora en la regi\u00f3n Carbon\u00edfera mencion\u00f3 que las obras que hoy se ponen en marcha son el resultado de la coordinaci\u00f3n, y del sentir y pensar de la gente, ya que cada obra y cada acci\u00f3n est\u00e1n pensadas en mejorar la calidad de vida de las familias.<\/p>\n\n\n\n<p>Jos\u00e9 Feliciano D\u00edaz Iribarren, presidente municipal de Sabinas reconoci\u00f3 el trabajo y la inversi\u00f3n del gobierno de Manolo Jim\u00e9nez con el municipio, y le reiter\u00f3 su compromiso de trabajo en equipo para mejorar la calidad de vida de las familias sabinenses.<\/p>\n\n\n\n<p>A nombre de los beneficiarios, Zulema Margarita M\u00e9ndez Tovar agradeci\u00f3 a Manolo Jim\u00e9nez por la entrega de la tecnolog\u00eda en esta secundaria, con la que se mejoran las condiciones de la instituci\u00f3n.<\/p>\n\n\n\n<p>En esta ceremonia se entregaron reconocimientos a los empresarios Bogar Montemayor Garza, presidente de la Uni\u00f3n Mexicana de Productores de Carb\u00f3n; as\u00ed como a C\u00e9sar Guti\u00e9rrez Salinas, vicepresidente del Consejo y director ejecutivo de los supermercados Guti\u00e9rrez, por la donaci\u00f3n de 200 y 150 \u00e1rboles, de manera respectiva.<\/p>\n\n\n\n<p>En este evento acompa\u00f1aron al gobernador, adem\u00e1s, Emanuel Garza Fishburn, secretario de Educaci\u00f3n; Diana Susana Estens de la Garza, secretar\u00eda de Medio Ambiente; Ignacio Adolfo Covarrubias Cabello, subsecretario de Infraestructura Social; Francisco Tob\u00edas Hern\u00e1ndez, subsecretario de Gobierno de la regi\u00f3n Carbon\u00edfera; Ignacio Castillo C\u00e1rabes, subsecretario de Vinculaci\u00f3n y Servicios Educativos; Jorge Alberto Salcido Portillo, subsecretario de Educaci\u00f3n B\u00e1sica; Julio Iv\u00e1n Long Rodr\u00edguez, director del Instituto Coahuilense de la Infraestructura F\u00edsica Educativa; Lucila S\u00e1nchez Berlanga, directora de la Secundaria T\u00e9cnica \u201cRa\u00fal M. Guzm\u00e1n Pe\u00f1a\u201d.<\/p>\n","protected":false},"excerpt":{"rendered":"<p>Desde Sabinas tambi\u00e9n arranca obras sociales y entrega infraestructura educativa De manera simult\u00e1nea en todo el estado, se pone en marcha la jornada de reforestaci\u00f3n Verde Verde Coahuila, mediante la que se sembrar\u00e1n 20 mil \u00e1rboles. Sabinas, Coahuila de Zaragoza; a 14 de junio de 2025.- Desde el municipio de Sabinas y de manera simult\u00e1nea [&hellip;]<\/p>\n","protected":false},"author":4,"featured_media":17439,"comment_status":"open","ping_status":"open","sticky":false,"template":"","format":"standard","meta":[],"categories":[4],"tags":[],"_links":{"self":[{"href":"https:\/\/alertasaltillo.com\/index.php\/wp-json\/wp\/v2\/posts\/17438"}],"collection":[{"href":"https:\/\/alertasaltillo.com\/index.php\/wp-json\/wp\/v2\/posts"}],"about":[{"href":"https:\/\/alertasaltillo.com\/index.php\/wp-json\/wp\/v2\/types\/post"}],"author":[{"embeddable":true,"href":"https:\/\/alertasaltillo.com\/index.php\/wp-json\/wp\/v2\/users\/4"}],"replies":[{"embeddable":true,"href":"https:\/\/alertasaltillo.com\/index.php\/wp-json\/wp\/v2\/comments?post=17438"}],"version-history":[{"count":1,"href":"https:\/\/alertasaltillo.com\/index.php\/wp-json\/wp\/v2\/posts\/17438\/revisions"}],"predecessor-version":[{"id":17440,"href":"https:\/\/alertasaltillo.com\/index.php\/wp-json\/wp\/v2\/posts\/17438\/revisions\/17440"}],"wp:featuredmedia":[{"embeddable":true,"href":"https:\/\/alertasaltillo.com\/index.php\/wp-json\/wp\/v2\/media\/17439"}],"wp:attachment":[{"href":"https:\/\/alertasaltillo.com\/index.php\/wp-json\/wp\/v2\/media?parent=17438"}],"wp:term":[{"taxonomy":"category","embeddable":true,"href":"https:\/\/alertasaltillo.com\/index.php\/wp-json\/wp\/v2\/categories?post=17438"},{"taxonomy":"post_tag","embeddable":true,"href":"https:\/\/alertasaltillo.com\/index.php\/wp-json\/wp\/v2\/tags?post=17438"}],"curies":[{"name":"wp","href":"https:\/\/api.w.org\/{rel}","templated":true}]}}