{"id":17326,"date":"2025-06-09T15:07:52","date_gmt":"2025-06-09T15:07:52","guid":{"rendered":"https:\/\/alertasaltillo.com\/?p=17326"},"modified":"2025-06-09T15:07:54","modified_gmt":"2025-06-09T15:07:54","slug":"nueve-meses-de-violencia-en-sinaloa-una-guerra-no-reconocida-por-el-estado","status":"publish","type":"post","link":"https:\/\/alertasaltillo.com\/index.php\/2025\/06\/09\/nueve-meses-de-violencia-en-sinaloa-una-guerra-no-reconocida-por-el-estado\/","title":{"rendered":"NUEVE MESES DE VIOLENCIA EN SINALOA: UNA GUERRA NO RECONOCIDA POR EL ESTADO"},"content":{"rendered":"\n<p><\/p>\n\n\n\n<p>Desde el 9 de septiembre de 2024, la crisis de seguridad, que tendr\u00eda una disputa entre \u2018Los Mayos\u2019 y \u2018Los Chaposo\u2019 como causa principal, ha arrojado al menos mil 445 asesinatos y mil 540 privaciones de la libertad<\/p>\n\n\n\n<p>CULIAC\u00c1N._ En Sinaloa, la crisis de seguridad no se detiene y se ha extendido ya por nueve meses, registrando asesinatos, masacres, desapariciones, robos con violencia y explosiones en la v\u00eda p\u00fablica.<\/p>\n\n\n\n<p>Al 7 de junio, en el estado se registraron mil 445 asesinatos, de los cuales 43 eran menores de edad y 33 agentes policiales. Tambi\u00e9n se han reportado mil 540 personas que fueron privadas de la libertad.<\/p>\n\n\n\n<p>El balance desde el 9 de septiembre de 2024 hasta el 7 de junio de 2025 es de mil 445 homicidios dolosos, lo que representa 5.3 homicidios diarios; mil 540 personas privadas de la libertad, que representa la privaci\u00f3n de la libertad de 5.7 personas diarias; 5 mil 384 veh\u00edculos robados, lo que se traduce en el robo diario de 19.8 veh\u00edculos; y se han detenido a mil 94 personas y 93 han sido abatidas, o finadas por autoridades de seguridad.<\/p>\n\n\n\n<p>La crisis de seguridad corresponde a una pugna de los grupos del crimen organizado \u201cLos Mayos\u201d y \u201cLos Chapos\u201d, que comenzaron a enfrentarse despu\u00e9s de la detenci\u00f3n por autoridades estadounidenses de Ismael \u201cEl Mayo\u201d Zambada Garc\u00eda y de Joaqu\u00edn Guzm\u00e1n L\u00f3pez, el 25 de julio de 2024.<\/p>\n\n\n\n<p>Con Informaci\u00f3n tomada de NORESTE<\/p>\n","protected":false},"excerpt":{"rendered":"<p>Desde el 9 de septiembre de 2024, la crisis de seguridad, que tendr\u00eda una disputa entre \u2018Los Mayos\u2019 y \u2018Los Chaposo\u2019 como causa principal, ha arrojado al menos mil 445 asesinatos y mil 540 privaciones de la libertad CULIAC\u00c1N._ En Sinaloa, la crisis de seguridad no se detiene y se ha extendido ya por nueve [&hellip;]<\/p>\n","protected":false},"author":4,"featured_media":17327,"comment_status":"open","ping_status":"open","sticky":false,"template":"","format":"standard","meta":[],"categories":[185],"tags":[],"_links":{"self":[{"href":"https:\/\/alertasaltillo.com\/index.php\/wp-json\/wp\/v2\/posts\/17326"}],"collection":[{"href":"https:\/\/alertasaltillo.com\/index.php\/wp-json\/wp\/v2\/posts"}],"about":[{"href":"https:\/\/alertasaltillo.com\/index.php\/wp-json\/wp\/v2\/types\/post"}],"author":[{"embeddable":true,"href":"https:\/\/alertasaltillo.com\/index.php\/wp-json\/wp\/v2\/users\/4"}],"replies":[{"embeddable":true,"href":"https:\/\/alertasaltillo.com\/index.php\/wp-json\/wp\/v2\/comments?post=17326"}],"version-history":[{"count":1,"href":"https:\/\/alertasaltillo.com\/index.php\/wp-json\/wp\/v2\/posts\/17326\/revisions"}],"predecessor-version":[{"id":17328,"href":"https:\/\/alertasaltillo.com\/index.php\/wp-json\/wp\/v2\/posts\/17326\/revisions\/17328"}],"wp:featuredmedia":[{"embeddable":true,"href":"https:\/\/alertasaltillo.com\/index.php\/wp-json\/wp\/v2\/media\/17327"}],"wp:attachment":[{"href":"https:\/\/alertasaltillo.com\/index.php\/wp-json\/wp\/v2\/media?parent=17326"}],"wp:term":[{"taxonomy":"category","embeddable":true,"href":"https:\/\/alertasaltillo.com\/index.php\/wp-json\/wp\/v2\/categories?post=17326"},{"taxonomy":"post_tag","embeddable":true,"href":"https:\/\/alertasaltillo.com\/index.php\/wp-json\/wp\/v2\/tags?post=17326"}],"curies":[{"name":"wp","href":"https:\/\/api.w.org\/{rel}","templated":true}]}}