{"id":17302,"date":"2025-06-09T14:33:11","date_gmt":"2025-06-09T14:33:11","guid":{"rendered":"https:\/\/alertasaltillo.com\/?p=17302"},"modified":"2025-06-09T14:33:14","modified_gmt":"2025-06-09T14:33:14","slug":"coahuila-garantiza-el-ejercicio-de-la-libre-expresion-manolo-2","status":"publish","type":"post","link":"https:\/\/alertasaltillo.com\/index.php\/2025\/06\/09\/coahuila-garantiza-el-ejercicio-de-la-libre-expresion-manolo-2\/","title":{"rendered":"COAHUILA GARANTIZA EL EJERCICIO DE LA LIBRE EXPRESI\u00d3N: MANOLO"},"content":{"rendered":"\n<p><\/p>\n\n\n\n<p><em>Extiende gobernador una felicitaci\u00f3n a las y los ganadores del Premio Estatal de Periodismo 2025.<\/em><\/p>\n\n\n\n<p>Saltillo, Coahuila de Zaragoza; 07 de junio de 2025- En el marco de la conmemoraci\u00f3n del D\u00eda de la Libertad de Expresi\u00f3n en M\u00e9xico, el gobernador Manolo Jim\u00e9nez Salinas refrend\u00f3 su compromiso de trabajar por una sociedad justa, igualitaria, equitativa e informada, adem\u00e1s de reiterar su respaldo al libre ejercicio period\u00edstico en la entidad.<\/p>\n\n\n\n<p>\u201cEn una sociedad democr\u00e1tica la libre expresi\u00f3n es fundamental, por ello agradecemos y reconocemos el trabajo de todas las comunicadoras y comunicadores que diariamente se esfuerzan en la construcci\u00f3n de una sociedad cr\u00edtica e informada\u201d, se\u00f1al\u00f3.<\/p>\n\n\n\n<p>Agreg\u00f3 que, en reconocimiento a la labor period\u00edstica en Coahuila, el Gobierno del Estado de Coahuila, a trav\u00e9s de la Coordinaci\u00f3n General de Comunicaci\u00f3n e Imagen Institucional, dio a conocer a los ganadores del Premio Estatal de Periodismo 2025, que tiene como objetivo reconocer la calidad y excelencia de los trabajos period\u00edsticos que d\u00eda a d\u00eda llegan a la poblaci\u00f3n coahuilense con el firme objetivo de ser un agente de cambio y generador de opini\u00f3n p\u00fablica.<\/p>\n\n\n\n<p>En este sentido, se inform\u00f3 que se recibieron 462 propuestas en las diversas categor\u00edas de Prensa Escrita, Radio, Televisi\u00f3n y Periodismo Digital, de las cuales, el jurado calificador, integrado por catedr\u00e1ticos y expertos en la materia, seleccionaron los 19 con mayor impacto social y excelencia period\u00edstica, a quienes se entregar\u00e1 en las pr\u00f3ximas fechas un reconocimiento.<\/p>\n\n\n\n<p><strong>CATEGOR\u00cdA PRENSA ESCRITA:<\/strong><\/p>\n\n\n\n<p>1.- Columna:&nbsp;<strong>Mar\u00eda Ang\u00e9lica Salinas Hern\u00e1ndez,<\/strong>&nbsp;En fin, la Hipocrec\u00eda. Medio: RCG Media<\/p>\n\n\n\n<p>Revista.<\/p>\n\n\n\n<p>2.- Cr\u00f3nica:&nbsp;<strong>M\u00f3nica Guadalupe Meza Maldonado,<\/strong>&nbsp;Llora Don Jos\u00e9 la ca\u00edda de un gigante. Medio: La Voz de Monclova.<\/p>\n\n\n\n<p>3.- Entrevista:&nbsp;<strong>Fabiola Montserrat S\u00e1nchez Flores,<\/strong>&nbsp;Nacen cuatrillizos en Semana Santa. Medio: La Prensa.<\/p>\n\n\n\n<p>4.- Noticia:&nbsp;<strong>Mauro Marines Garc\u00eda,<\/strong>&nbsp;Ojo de Agua, entre la gentrificaci\u00f3n y la preservaci\u00f3n. Medio: Vanguardia.<\/p>\n\n\n\n<p>5.- Reportaje:&nbsp;<strong>Eleazar Daniel Vald\u00e9s Romo,<\/strong>&nbsp;Trabajando de sol a sol sac\u00f3 adelante a sus 11 hijos, Medio: El Diario.<\/p>\n\n\n\n<p>6.- Editorial:&nbsp;<strong>Susana Cepeda Islas,<\/strong>&nbsp;Insensibilidad Social. Medio: El Heraldo.<\/p>\n\n\n\n<p>7.- Fotograf\u00eda:&nbsp;<strong>Jes\u00fas Alejandro Rodr\u00edguez \u00c1vila,<\/strong>&nbsp;Marea de Fuego. Medio: Z\u00f3calo Saltillo<\/p>\n\n\n\n<p><strong>CATEGOR\u00cdA RADIO:<\/strong><\/p>\n\n\n\n<p>8.- Entrevista:&nbsp;<strong>Luis Alberto Hern\u00e1ndez Carmona<\/strong>&nbsp;, Diversidad Sexual. Medio: XHENR<\/p>\n\n\n\n<p>89.1 FM.<\/p>\n\n\n\n<p>9.- Noticia:&nbsp;<strong>Mariana Mej\u00eda Lozoya,<\/strong>&nbsp;Triste final para el conocimiento: libros de la UVM desechados tras cierre. Medio: Horizonte Lagunero.<\/p>\n\n\n\n<p>10.- Reportaje:&nbsp;<strong>Grecia Abigail Moya Navarro<\/strong>&nbsp;, Adultos Mayores: Amor, soledad y abandono. Medio: Exa Monclova 101.1 FM NRT M\u00e9xico.<\/p>\n\n\n\n<p>11.- Cobertura en vivo:&nbsp;<strong>Christyan Adolfo Estrada Castillo,<\/strong>&nbsp;Seguir\u00e9 buscando a mi hermano. Medio: Grupo Regi\u00f3n.<\/p>\n\n\n\n<p><strong>CATEGOR\u00cdA TELEVISI\u00d3N:<\/strong><\/p>\n\n\n\n<p>12.- Entrevista:&nbsp;<strong>\u00c1ngel Antonio Carrillo Romero,<\/strong>&nbsp;Cicatrices. Medio: Multimedios Laguna.<\/p>\n\n\n\n<p>13.- Noticia:&nbsp;<strong>Diana Fabiola Rodr\u00edguez Gonz\u00e1lez,<\/strong>&nbsp;Escuelas cierran puerta a la comida chatarra. Medio: Tele Saltillo.<\/p>\n\n\n\n<p>14.- Reportaje:&nbsp;<strong>Eric Pichardo Anaya,<\/strong>&nbsp;Abejas, especie amenazada. Medio: Tv Azteca.<\/p>\n\n\n\n<p>15.- Cobertura en vivo:&nbsp;<strong>Kirk Gerardo Castillo Hern\u00e1ndez,<\/strong>&nbsp;Las hermanas est\u00e1n en casa despu\u00e9s de 2 a\u00f1os. Medio: Multimedios Laguna.<\/p>\n\n\n\n<p>16.- Mejor toma:&nbsp;<strong>Manuel Sa\u00fal Ortega Loera,<\/strong>&nbsp;H\u00e9roes. Medio: NM\u00c1S Coahuila.<\/p>\n\n\n\n<p><strong>CATEGOR\u00cdA MEDIOS DIGITALES:<\/strong><\/p>\n\n\n\n<p>17.- Mejor trabajo period\u00edstico:&nbsp;<strong>Marlen Edrei Dur\u00f3n Salazar,<\/strong>&nbsp;Detr\u00e1s del silencio: la lucha para conservar la salud mental. Medio: A tiempo TV.<\/p>\n\n\n\n<p>18.- Dise\u00f1o Portal Web:&nbsp;<strong>Adriana Vargas Flores,<\/strong>&nbsp;La Vereda: Periodismo Cultural. Medio:&nbsp;<a href=\"http:\/\/lavereda.com.mx\/\" target=\"_blank\" rel=\"noreferrer noopener\">Lavereda.com.mx<\/a>&nbsp;.<\/p>\n\n\n\n<p>19.- Cobertura en vivo:&nbsp;<strong>Norma Naharay Ibarra Blanco,<\/strong>&nbsp;Ellos libres y nosotros seguros. Medio: El Siglo de Torre\u00f3n.<\/p>\n\n\n\n<p><strong>25 A\u00d1OS: Presea Antonio Estrada Salazar<\/strong><\/p>\n\n\n\n<p>Jos\u00e9 Arturo Salazar V\u00e1zquez<\/p>\n\n\n\n<p>Olga Antonieta Huitr\u00f3n Morales<\/p>\n\n\n\n<p>Maricela Elizabeth Alfaro Borj\u00f3n<\/p>\n\n\n\n<p>Arturo Estrada Alarc\u00f3n<\/p>\n\n\n\n<p>Mauro Francisco Campos Esquivel<\/p>\n\n\n\n<p>Edgar Armando De La Garza Berlanga<\/p>\n\n\n\n<p>Jos\u00e9 Alberto Sol\u00eds Maldonado.<\/p>\n\n\n\n<p>Ricardo Hern\u00e1ndez Gonz\u00e1lez<\/p>\n\n\n\n<p>F\u00e9lix Mario Reojas Aguayo<\/p>\n\n\n\n<p>Carlos Antonio Miranda Maldonado<\/p>\n\n\n\n<p>Zeferina Ram\u00edrez Tabares<\/p>\n\n\n\n<p>Elena Hern\u00e1ndez Pelcastre<\/p>\n\n\n\n<p>Mateo Navejas Bautista<\/p>\n\n\n\n<p>Adriana Vargas Flores<\/p>\n\n\n\n<p>Aurelia Ver\u00f3nica Ch\u00e1vez V\u00e1zquez<\/p>\n\n\n\n<p>Erika Ram\u00edrez Rodr\u00edguez<\/p>\n\n\n\n<p>Jes\u00fas Emmanuel Mac\u00edas De Le\u00f3n<\/p>\n\n\n\n<p>Juan Francisco Vald\u00e9s Contreras<\/p>\n\n\n\n<p>Juan Carlos Morales Islas<\/p>\n\n\n\n<p>Julio C\u00e9sar Hern\u00e1ndez Favila<\/p>\n\n\n\n<p>Alejandra Soto Mart\u00ednez<\/p>\n\n\n\n<p>Jessica Guadalupe Rosales Saucedo<\/p>\n\n\n\n<p>Mar\u00eda De Los \u00c1ngeles Mu\u00f1oz Ram\u00edrez<\/p>\n\n\n\n<p>Juan De Guadalupe Monta\u00f1o Flores<\/p>\n\n\n\n<p>Siboney Alvarado Cruz<\/p>\n\n\n\n<p>H\u00e9ctor David Gonz\u00e1lez Morales<\/p>\n\n\n\n<p>C\u00e9sar Enrique Abasolo Iracheta<\/p>\n\n\n\n<p>Gerardo Ballesteros Alvarado<\/p>\n\n\n\n<p>Arturo De La Isla R\u00edos<\/p>\n\n\n\n<p>Armando L\u00f3pez Capetillo<\/p>\n\n\n\n<p>Karla Cortez Romero<\/p>\n\n\n\n<p>Hip\u00f3lito Alejandro L\u00f3pez Garza<\/p>\n\n\n\n<p>Omar Romero Rodr\u00edguez<\/p>\n\n\n\n<p>Juan Francisco Esparza Padilla<\/p>\n\n\n\n<p>Christian Iv\u00e1n S\u00e1nchez Le\u00f3n<\/p>\n\n\n\n<p>Miguel \u00c1ngel Sol\u00eds Espinoza<\/p>\n\n\n\n<p><strong>30 A\u00f1os: Presea Humberto Gaona Silva<\/strong><\/p>\n\n\n\n<p>Jos\u00e9 Everardo Pi\u00f1a S\u00e1nchez<\/p>\n\n\n\n<p>Armando Sol\u00eds Maldonado<\/p>\n\n\n\n<p>Homero Aguirre Galindo<\/p>\n\n\n\n<p>Luis Mart\u00edn Tav\u00e1rez Guti\u00e9rrez<\/p>\n\n\n\n<p>Ver\u00f3nica Del Carmen Rocha De Santiago<\/p>\n\n\n\n<p>Daniel Rodr\u00edguez Fraire<\/p>\n\n\n\n<p>Marco Antonio Saucedo Prado<\/p>\n\n\n\n<p>Zeus Arturo Z\u00fa\u00f1iga Magallanes<\/p>\n\n\n\n<p>Juan Francisco Ambriz Alfaro<\/p>\n\n\n\n<p>Teresita De Jes\u00fas Mu\u00f1oz Cabral<\/p>\n\n\n\n<p>Hip\u00f3lito Monsiv\u00e1is Hern\u00e1ndez<\/p>\n\n\n\n<p>Jorge Alberto Jim\u00e9nez Rodr\u00edguez<\/p>\n\n\n\n<p>Juan Antonio Gonz\u00e1lez Sol\u00eds<\/p>\n\n\n\n<p>Ana Velia Maldonado Ramos<\/p>\n\n\n\n<p>Pedro Luis Bayl\u00f3n D\u00edaz<\/p>\n\n\n\n<p>Ruth Lizette Hern\u00e1ndez Lozano<\/p>\n\n\n\n<p>Claudia Olinda Mor\u00e1n Lerma<\/p>\n\n\n\n<p>Mar\u00eda Guillermina Santos De Le\u00f3n<\/p>\n\n\n\n<p>Lucero S\u00e1nchez Aguilar<\/p>\n\n\n\n<p>Antonio Herrera Rodr\u00edguez<\/p>\n\n\n\n<p>Mario Alberto Torres Castillo<\/p>\n\n\n\n<p>Carlos Alberto Ruvalcaba D\u00edaz<\/p>\n\n\n\n<p>Jos\u00e9 Alberto Mendoza Rodarte<\/p>\n\n\n\n<p>Hugo Roberto D\u00edaz Aguilera<\/p>\n\n\n\n<p>Dagoberto Hern\u00e1ndez Medina<\/p>\n\n\n\n<p>Aquiles Morales P\u00e1manes<\/p>\n\n\n\n<p><strong>35 A\u00f1os: Presea Efra\u00edn L\u00f3pez C\u00e1zares<\/strong><\/p>\n\n\n\n<p>Aracely Garza Chantaca<\/p>\n\n\n\n<p>Rom\u00e1n V\u00e1zquez Gonz\u00e1lez<\/p>\n\n\n\n<p>Miguel \u00c1ngel Campos Pacheco<\/p>\n\n\n\n<p>Jos\u00e9 Ignacio Morales Saucedo<\/p>\n\n\n\n<p>Jos\u00e9 Mart\u00edn Balandr\u00e1n Mart\u00ednez<\/p>\n\n\n\n<p>Carlos Vega Escobar<\/p>\n\n\n\n<p>Pedro Jaime Valdez Paniahua<\/p>\n\n\n\n<p>Antonio Cepeda Arellano<\/p>\n\n\n\n<p>Juan Marcos Bayl\u00f3n D\u00edaz<\/p>\n\n\n\n<p>Sonia Alejandra Pi\u00f1a Palos<\/p>\n\n\n\n<p>Jos\u00e9 Luis D\u00e1vila Morales<\/p>\n\n\n\n<p>Orestes G\u00f3mez Rodr\u00edguez<\/p>\n\n\n\n<p>Dora Isela De La Cruz De Le\u00f3n<\/p>\n\n\n\n<p>Irma Griselda Far\u00edas Aguilar<\/p>\n\n\n\n<p>David Rodr\u00edguez Delgado<\/p>\n\n\n\n<p>Fidel Roberto Amaya Maldonado<\/p>\n\n\n\n<p>Ram\u00f3n Ramos \u00c1lvarez<\/p>\n\n\n\n<p><strong>40 A\u00f1os: Presea Rosendo Guerrero Carlos<\/strong><\/p>\n\n\n\n<p>Ram\u00f3n Humberto Carrillo Garc\u00eda<\/p>\n\n\n\n<p>Juan Antonio Mart\u00ednez Barrios<\/p>\n\n\n\n<p>Irma Bol\u00edvar Ayala<\/p>\n\n\n\n<p>Silvia Martha Valdez Garza<\/p>\n\n\n\n<p><strong>45 A\u00f1os: Presea Melchor S\u00e1nchez Dovalina<\/strong><\/p>\n\n\n\n<p>Jes\u00fas Alfonso Jim\u00e9nez \u00c1lvarez<\/p>\n\n\n\n<p>Evaristo Cisneros Gonz\u00e1lez<\/p>\n\n\n\n<p>Arturo Aguilar Castorena<\/p>\n\n\n\n<p>\u00c1lvaro Gonz\u00e1lez Ramos<\/p>\n\n\n\n<p>Jos\u00e9 Refugio Hern\u00e1ndez R\u00edos<\/p>\n\n\n\n<p><strong>50 A\u00f1os: Presea Benjam\u00edn Cabrera<\/strong><\/p>\n\n\n\n<p>Enrique Gonz\u00e1lez Correa<\/p>\n\n\n\n<p>Jos\u00e9 Javier Mendoza Jaramillo<\/p>\n\n\n\n<p>Alejandro Arcadio Tovar Medina<\/p>\n\n\n\n<p>V\u00edctor Nasip Harb Karam<\/p>\n\n\n\n<p>Olga Quirarte Ram\u00edrez<\/p>\n\n\n\n<p><strong>60 A\u00f1os: Presea \u00abErnesto Julio Tessier Flores<\/strong><\/p>\n\n\n\n<p>Carlos Gayt\u00e1n D\u00e1vila<\/p>\n\n\n\n<p><strong>Presea Post Mortem \u00abAntonio De Juamblez Y Bracho\u00bb<\/strong><\/p>\n\n\n\n<p>Adri\u00e1n Francisco Garza P\u00e9rez<\/p>\n\n\n\n<p>Jes\u00fas Ru\u00edz Tejada P\u00e9rez<\/p>\n\n\n\n<p>Daniel Gonz\u00e1lez Silva<\/p>\n\n\n\n<p>Martha Guadalupe Santos De Le\u00f3n<\/p>\n\n\n\n<p>Luis Carlos Vald\u00e9s De Le\u00f3n<\/p>\n\n\n\n<p>Juan Flores Ch\u00e1vez<\/p>\n\n\n\n<p>Juan \u00c1ngel Fern\u00e1ndez Haggar<\/p>\n\n\n\n<p>Raymundo Campos Galindo<\/p>\n","protected":false},"excerpt":{"rendered":"<p>Extiende gobernador una felicitaci\u00f3n a las y los ganadores del Premio Estatal de Periodismo 2025. Saltillo, Coahuila de Zaragoza; 07 de junio de 2025- En el marco de la conmemoraci\u00f3n del D\u00eda de la Libertad de Expresi\u00f3n en M\u00e9xico, el gobernador Manolo Jim\u00e9nez Salinas refrend\u00f3 su compromiso de trabajar por una sociedad justa, igualitaria, equitativa [&hellip;]<\/p>\n","protected":false},"author":4,"featured_media":17303,"comment_status":"open","ping_status":"open","sticky":false,"template":"","format":"standard","meta":[],"categories":[4],"tags":[],"_links":{"self":[{"href":"https:\/\/alertasaltillo.com\/index.php\/wp-json\/wp\/v2\/posts\/17302"}],"collection":[{"href":"https:\/\/alertasaltillo.com\/index.php\/wp-json\/wp\/v2\/posts"}],"about":[{"href":"https:\/\/alertasaltillo.com\/index.php\/wp-json\/wp\/v2\/types\/post"}],"author":[{"embeddable":true,"href":"https:\/\/alertasaltillo.com\/index.php\/wp-json\/wp\/v2\/users\/4"}],"replies":[{"embeddable":true,"href":"https:\/\/alertasaltillo.com\/index.php\/wp-json\/wp\/v2\/comments?post=17302"}],"version-history":[{"count":1,"href":"https:\/\/alertasaltillo.com\/index.php\/wp-json\/wp\/v2\/posts\/17302\/revisions"}],"predecessor-version":[{"id":17304,"href":"https:\/\/alertasaltillo.com\/index.php\/wp-json\/wp\/v2\/posts\/17302\/revisions\/17304"}],"wp:featuredmedia":[{"embeddable":true,"href":"https:\/\/alertasaltillo.com\/index.php\/wp-json\/wp\/v2\/media\/17303"}],"wp:attachment":[{"href":"https:\/\/alertasaltillo.com\/index.php\/wp-json\/wp\/v2\/media?parent=17302"}],"wp:term":[{"taxonomy":"category","embeddable":true,"href":"https:\/\/alertasaltillo.com\/index.php\/wp-json\/wp\/v2\/categories?post=17302"},{"taxonomy":"post_tag","embeddable":true,"href":"https:\/\/alertasaltillo.com\/index.php\/wp-json\/wp\/v2\/tags?post=17302"}],"curies":[{"name":"wp","href":"https:\/\/api.w.org\/{rel}","templated":true}]}}