{"id":17115,"date":"2025-05-31T06:00:12","date_gmt":"2025-05-31T06:00:12","guid":{"rendered":"https:\/\/alertasaltillo.com\/?p=17115"},"modified":"2025-05-31T06:00:15","modified_gmt":"2025-05-31T06:00:15","slug":"inundaciones-en-nigeria-deja-mas-de-115-muertos-y-aldeas-sumergidas","status":"publish","type":"post","link":"https:\/\/alertasaltillo.com\/index.php\/2025\/05\/31\/inundaciones-en-nigeria-deja-mas-de-115-muertos-y-aldeas-sumergidas\/","title":{"rendered":"INUNDACIONES EN NIGERIA DEJA M\u00c1S DE 115 MUERTOS Y ALDEAS SUMERGIDAS"},"content":{"rendered":"\n<h2>M\u00e1s de 115 muertos y miles de desplazados dej\u00f3 una catastr\u00f3fica inundaci\u00f3n en Nigeria. El balance podr\u00eda aumentar.<\/h2>\n\n\n\n<p>Al menos 115 personas murieron por unas&nbsp;<a href=\"https:\/\/www.excelsior.com.mx\/inundaciones\" target=\"_blank\" rel=\"noreferrer noopener\"><strong>inundaciones&nbsp;<\/strong><\/a>\u00absin precedentes\u00bb provocadas po<strong>r lluvias torrenciales en el centro de Nigeria<\/strong>, inform\u00f3 este viernes un encargado de los equipos de rescate.<\/p>\n\n\n\n<p>Los equipos de rescate buscan a desaparecidos despu\u00e9s de que un diluvio en la noche del mi\u00e9rcoles al jueves arrastrara y anegara decenas de casas alrededor del municipio de Mokwa, a orillas del r\u00edo N\u00edger.<\/p>\n\n\n\n<p><strong>De momento hemos recuperado 115 cad\u00e1veres, y se espera que se recuperen m\u00e1s porque la riada vino de lejos y arrastr\u00f3 a la gente al r\u00edo N\u00edger\u00bb, declar\u00f3 a la AFP Ibrahim Audu Husseini, portavoz de NEMA en el estado de N\u00edger.<\/strong><\/p>\n\n\n\n<p>Con Informaci\u00f3n tomada de EXC\u00c9LSIOR <\/p>\n\n\n\n<p><\/p>\n","protected":false},"excerpt":{"rendered":"<p>M\u00e1s de 115 muertos y miles de desplazados dej\u00f3 una catastr\u00f3fica inundaci\u00f3n en Nigeria. El balance podr\u00eda aumentar. Al menos 115 personas murieron por unas&nbsp;inundaciones&nbsp;\u00absin precedentes\u00bb provocadas por lluvias torrenciales en el centro de Nigeria, inform\u00f3 este viernes un encargado de los equipos de rescate. Los equipos de rescate buscan a desaparecidos despu\u00e9s de que [&hellip;]<\/p>\n","protected":false},"author":4,"featured_media":17116,"comment_status":"open","ping_status":"open","sticky":false,"template":"","format":"standard","meta":[],"categories":[186,8],"tags":[],"_links":{"self":[{"href":"https:\/\/alertasaltillo.com\/index.php\/wp-json\/wp\/v2\/posts\/17115"}],"collection":[{"href":"https:\/\/alertasaltillo.com\/index.php\/wp-json\/wp\/v2\/posts"}],"about":[{"href":"https:\/\/alertasaltillo.com\/index.php\/wp-json\/wp\/v2\/types\/post"}],"author":[{"embeddable":true,"href":"https:\/\/alertasaltillo.com\/index.php\/wp-json\/wp\/v2\/users\/4"}],"replies":[{"embeddable":true,"href":"https:\/\/alertasaltillo.com\/index.php\/wp-json\/wp\/v2\/comments?post=17115"}],"version-history":[{"count":1,"href":"https:\/\/alertasaltillo.com\/index.php\/wp-json\/wp\/v2\/posts\/17115\/revisions"}],"predecessor-version":[{"id":17117,"href":"https:\/\/alertasaltillo.com\/index.php\/wp-json\/wp\/v2\/posts\/17115\/revisions\/17117"}],"wp:featuredmedia":[{"embeddable":true,"href":"https:\/\/alertasaltillo.com\/index.php\/wp-json\/wp\/v2\/media\/17116"}],"wp:attachment":[{"href":"https:\/\/alertasaltillo.com\/index.php\/wp-json\/wp\/v2\/media?parent=17115"}],"wp:term":[{"taxonomy":"category","embeddable":true,"href":"https:\/\/alertasaltillo.com\/index.php\/wp-json\/wp\/v2\/categories?post=17115"},{"taxonomy":"post_tag","embeddable":true,"href":"https:\/\/alertasaltillo.com\/index.php\/wp-json\/wp\/v2\/tags?post=17115"}],"curies":[{"name":"wp","href":"https:\/\/api.w.org\/{rel}","templated":true}]}}