{"id":17088,"date":"2025-05-30T21:23:04","date_gmt":"2025-05-30T21:23:04","guid":{"rendered":"https:\/\/alertasaltillo.com\/?p=17088"},"modified":"2025-05-30T21:23:06","modified_gmt":"2025-05-30T21:23:06","slug":"harvard-celebra-su-ceremonia-de-graduacion-por-amenazas-de-trump","status":"publish","type":"post","link":"https:\/\/alertasaltillo.com\/index.php\/2025\/05\/30\/harvard-celebra-su-ceremonia-de-graduacion-por-amenazas-de-trump\/","title":{"rendered":"HARVARD CELEBRA SU CEREMONIA DE GRADUACI\u00d3N POR AMENAZAS DE TRUMP"},"content":{"rendered":"\n<p>El presidente de Harvard, Alan Garber, recibi\u00f3 una gran ovaci\u00f3n cuando mencion\u00f3 a los estudiantes extranjeros que asist\u00edan a la ceremonia: as\u00ed es como debe ser<\/p>\n\n\n\n<p>Miles de alumnos de&nbsp;<strong><a rel=\"noreferrer noopener\" href=\"https:\/\/oem.com.mx\/elsoldemexico\/mundo\/jueza-bloquea-temporalmente-revocacion-de-permiso-para-matricular-extranjeros-de-harvard-23465240\" target=\"_blank\">Harvard<\/a><\/strong>&nbsp;con togas carmes\u00ed y birretes negros&nbsp;<strong>celebraron su graduaci\u00f3n el jueves,<\/strong>&nbsp;mientras una jueza federal anunci\u00f3 que mantendr\u00e1 el&nbsp;<strong>bloqueo temporal de la iniciativa de Donald Trump,&nbsp;<\/strong>que busca prohibir a la prestigiosa universidad inscribir&nbsp;<strong>estudiantes extranjeros.<\/strong><\/p>\n\n\n\n<p>El presidente estadounidense ha puesto a Harvard en el punto de mira de su campa\u00f1a contra las&nbsp;<a rel=\"noreferrer noopener\" href=\"https:\/\/oem.com.mx\/elsoldemexico\/mundo\/universidades-de-eu-condenan-con-una-carta-la-interferencia-politica-de-trump-22910555\" target=\"_blank\">universidades<\/a>&nbsp;de \u00e9lite estadounidenses, a las que acusa de&nbsp;<strong>sesgos izquierdistas y antisemitas.<\/strong><\/p>\n\n\n\n<p>La jueza<strong>\u00a0Allison Burroughs,\u00a0<\/strong>de Massachusetts, estado donde se encuentra Harvard, dijo que iba a prorrogar la suspensi\u00f3n cautelar del veto a los estudiantes extranjeros, que hab\u00eda concedido el viernes pasado luego de que la universidad impugnara la medida.<\/p>\n\n\n\n<p>Con Informaci\u00f3n tomada de EL SOL DE M\u00c9XICO<\/p>\n","protected":false},"excerpt":{"rendered":"<p>El presidente de Harvard, Alan Garber, recibi\u00f3 una gran ovaci\u00f3n cuando mencion\u00f3 a los estudiantes extranjeros que asist\u00edan a la ceremonia: as\u00ed es como debe ser Miles de alumnos de&nbsp;Harvard&nbsp;con togas carmes\u00ed y birretes negros&nbsp;celebraron su graduaci\u00f3n el jueves,&nbsp;mientras una jueza federal anunci\u00f3 que mantendr\u00e1 el&nbsp;bloqueo temporal de la iniciativa de Donald Trump,&nbsp;que busca prohibir [&hellip;]<\/p>\n","protected":false},"author":4,"featured_media":17089,"comment_status":"open","ping_status":"open","sticky":false,"template":"","format":"standard","meta":[],"categories":[186],"tags":[],"_links":{"self":[{"href":"https:\/\/alertasaltillo.com\/index.php\/wp-json\/wp\/v2\/posts\/17088"}],"collection":[{"href":"https:\/\/alertasaltillo.com\/index.php\/wp-json\/wp\/v2\/posts"}],"about":[{"href":"https:\/\/alertasaltillo.com\/index.php\/wp-json\/wp\/v2\/types\/post"}],"author":[{"embeddable":true,"href":"https:\/\/alertasaltillo.com\/index.php\/wp-json\/wp\/v2\/users\/4"}],"replies":[{"embeddable":true,"href":"https:\/\/alertasaltillo.com\/index.php\/wp-json\/wp\/v2\/comments?post=17088"}],"version-history":[{"count":1,"href":"https:\/\/alertasaltillo.com\/index.php\/wp-json\/wp\/v2\/posts\/17088\/revisions"}],"predecessor-version":[{"id":17090,"href":"https:\/\/alertasaltillo.com\/index.php\/wp-json\/wp\/v2\/posts\/17088\/revisions\/17090"}],"wp:featuredmedia":[{"embeddable":true,"href":"https:\/\/alertasaltillo.com\/index.php\/wp-json\/wp\/v2\/media\/17089"}],"wp:attachment":[{"href":"https:\/\/alertasaltillo.com\/index.php\/wp-json\/wp\/v2\/media?parent=17088"}],"wp:term":[{"taxonomy":"category","embeddable":true,"href":"https:\/\/alertasaltillo.com\/index.php\/wp-json\/wp\/v2\/categories?post=17088"},{"taxonomy":"post_tag","embeddable":true,"href":"https:\/\/alertasaltillo.com\/index.php\/wp-json\/wp\/v2\/tags?post=17088"}],"curies":[{"name":"wp","href":"https:\/\/api.w.org\/{rel}","templated":true}]}}