{"id":17076,"date":"2025-05-30T21:06:25","date_gmt":"2025-05-30T21:06:25","guid":{"rendered":"https:\/\/alertasaltillo.com\/?p=17076"},"modified":"2025-05-30T21:06:27","modified_gmt":"2025-05-30T21:06:27","slug":"propuesta-de-gobierno-no-resuelve-demanda-afirma-la-cnte","status":"publish","type":"post","link":"https:\/\/alertasaltillo.com\/index.php\/2025\/05\/30\/propuesta-de-gobierno-no-resuelve-demanda-afirma-la-cnte\/","title":{"rendered":"PROPUESTA DE GOBIERNO \u00abNO RESUELVE DEMANDA\u00bb, AFIRMA LA CNTE"},"content":{"rendered":"\n<p><em>Ciudad de M\u00e9xico.<\/em>&nbsp;La dirigencia de la Coordinadora Nacional de Trabajadores de la Educaci\u00f3n (CNTE) reiter\u00f3 su llamado a la presidenta Claudia Sheinbaum Pardo a restablecer de forma inmediata la mesa de negociaci\u00f3n, tras se\u00f1alar que la propuesta presentada el pasado mi\u00e9rcoles \u201cno resuelve nuestra demanda central que es la abrogaci\u00f3n de la Ley del Instituto de Seguridad y Servicios de los Trabajadores del Estado (Issste)\u201d, pese a lo cual subrayaron que ser\u00e1n las bases magisteriales las que \u201cdeterminen si nos levantamos o no la jornada de lucha con estas propuestas\u201d.<\/p>\n\n\n\n<p>En conferencia de prensa, tras concluir las marchas simult\u00e1neas que partieron del \u00c1ngel de la Independencia y del Metro San Cosme, para coincidir en la torre del Caballito, los secretarios generales de la CNTE insistieron que \u201cno somos una organizaci\u00f3n corporativa, por lo que suceda esta jornada electoral del primero de junio no es parte de la agenda de la CNTE\u201d.<\/p>\n\n\n\n<p>\u201cLe decimos claramente a la Presidenta que nuestros sue\u00f1os no caben en sus urnas, y que no salimos a las calles por una elecci\u00f3n, sino por el derecho a una pensi\u00f3n digna\u201d, afirm\u00f3 Pedro Hern\u00e1ndez Morales, secretario general de la secci\u00f3n 9 de Ciudad de M\u00e9xico.<\/p>\n\n\n\n<p>En cuanto a las posibles acciones de protesta que realice la CNTE este 1 de junio, insisti\u00f3 en que \u201cser\u00e1n las bases las que definan el d\u00eda de ma\u00f1ana (s\u00e1bado) el plan de acci\u00f3n, por lo que no hay hasta el momento ning\u00fan acuerdo ni definici\u00f3n\u201d, y adelant\u00f3 que ser\u00e1 en su Asamblea Nacional Representativa, que sesionar\u00e1 ma\u00f1ana cerca del mediod\u00eda, donde se alcanzar\u00e1n los acuerdos.<\/p>\n\n\n\n<p>Con Informaci\u00f3n tomada de la JORNADA<\/p>\n","protected":false},"excerpt":{"rendered":"<p>Ciudad de M\u00e9xico.&nbsp;La dirigencia de la Coordinadora Nacional de Trabajadores de la Educaci\u00f3n (CNTE) reiter\u00f3 su llamado a la presidenta Claudia Sheinbaum Pardo a restablecer de forma inmediata la mesa de negociaci\u00f3n, tras se\u00f1alar que la propuesta presentada el pasado mi\u00e9rcoles \u201cno resuelve nuestra demanda central que es la abrogaci\u00f3n de la Ley del Instituto [&hellip;]<\/p>\n","protected":false},"author":4,"featured_media":17077,"comment_status":"open","ping_status":"open","sticky":false,"template":"","format":"standard","meta":[],"categories":[185],"tags":[],"_links":{"self":[{"href":"https:\/\/alertasaltillo.com\/index.php\/wp-json\/wp\/v2\/posts\/17076"}],"collection":[{"href":"https:\/\/alertasaltillo.com\/index.php\/wp-json\/wp\/v2\/posts"}],"about":[{"href":"https:\/\/alertasaltillo.com\/index.php\/wp-json\/wp\/v2\/types\/post"}],"author":[{"embeddable":true,"href":"https:\/\/alertasaltillo.com\/index.php\/wp-json\/wp\/v2\/users\/4"}],"replies":[{"embeddable":true,"href":"https:\/\/alertasaltillo.com\/index.php\/wp-json\/wp\/v2\/comments?post=17076"}],"version-history":[{"count":1,"href":"https:\/\/alertasaltillo.com\/index.php\/wp-json\/wp\/v2\/posts\/17076\/revisions"}],"predecessor-version":[{"id":17078,"href":"https:\/\/alertasaltillo.com\/index.php\/wp-json\/wp\/v2\/posts\/17076\/revisions\/17078"}],"wp:featuredmedia":[{"embeddable":true,"href":"https:\/\/alertasaltillo.com\/index.php\/wp-json\/wp\/v2\/media\/17077"}],"wp:attachment":[{"href":"https:\/\/alertasaltillo.com\/index.php\/wp-json\/wp\/v2\/media?parent=17076"}],"wp:term":[{"taxonomy":"category","embeddable":true,"href":"https:\/\/alertasaltillo.com\/index.php\/wp-json\/wp\/v2\/categories?post=17076"},{"taxonomy":"post_tag","embeddable":true,"href":"https:\/\/alertasaltillo.com\/index.php\/wp-json\/wp\/v2\/tags?post=17076"}],"curies":[{"name":"wp","href":"https:\/\/api.w.org\/{rel}","templated":true}]}}