{"id":17037,"date":"2025-05-30T20:07:40","date_gmt":"2025-05-30T20:07:40","guid":{"rendered":"https:\/\/alertasaltillo.com\/?p=17037"},"modified":"2025-05-30T20:07:42","modified_gmt":"2025-05-30T20:07:42","slug":"se-aplicara-ley-seca-en-coahuila-con-motivo-de-la-eleccion-judicial-extraordinaria-2025","status":"publish","type":"post","link":"https:\/\/alertasaltillo.com\/index.php\/2025\/05\/30\/se-aplicara-ley-seca-en-coahuila-con-motivo-de-la-eleccion-judicial-extraordinaria-2025\/","title":{"rendered":"SE APLICAR\u00c1 LEY SECA EN COAHUILA CON MOTIVO DE LA ELECCI\u00d3N JUDICIAL EXTRAORDINARIA 2025"},"content":{"rendered":"\n<p><\/p>\n\n\n\n<p>Saltillo, Coahuila de Zaragoza; a 28 de mayo de 2025.\u2013 La Secretar\u00eda de Gobierno del Estado de Coahuila informa que, con motivo de la elecci\u00f3n judicial extraordinaria 2025 que se celebrar\u00e1 el pr\u00f3ximo domingo 2 de junio, se implementar\u00e1 la Ley Seca en toda la entidad, como una medida preventiva y de orden p\u00fablico.<\/p>\n\n\n\n<p>Esta disposici\u00f3n tiene por objetivo garantizar que dicho proceso democr\u00e1tico se lleve a cabo en condiciones de tranquilidad, respeto y civilidad, promoviendo as\u00ed la participaci\u00f3n ciudadana libre y consciente, y evitando incidentes relacionados con el consumo de alcohol que puedan interferir con el desarrollo de la jornada, en cumplimiento con lo establecido en la normatividad vigente.<\/p>\n\n\n\n<p>Periodo de aplicaci\u00f3n:<\/p>\n\n\n\n<p>&#8211; Inicio: S\u00e1bado 1 de junio de 2025, a las 00:00 horas<\/p>\n\n\n\n<p>&#8211; Fin: Domingo 2 de junio de 2025, a las 23:59 hora.<\/p>\n\n\n\n<p>Durante este per\u00edodo, queda prohibida la venta y consumo de bebidas alcoh\u00f3licas en establecimientos comerciales, tiendas de autoservicio, restaurantes, bares, cantinas, dep\u00f3sitos y cualquier otro punto autorizado para su distribuci\u00f3n.<\/p>\n\n\n\n<p>La Secretar\u00eda de Gobierno exhorta a los establecimientos ya la ciudadan\u00eda a acatar esta medida, recordando que su finalidad es proteger el bienestar social y garantizar el correcto desarrollo de la elecci\u00f3n judicial extraordinaria 2025.<\/p>\n","protected":false},"excerpt":{"rendered":"<p>Saltillo, Coahuila de Zaragoza; a 28 de mayo de 2025.\u2013 La Secretar\u00eda de Gobierno del Estado de Coahuila informa que, con motivo de la elecci\u00f3n judicial extraordinaria 2025 que se celebrar\u00e1 el pr\u00f3ximo domingo 2 de junio, se implementar\u00e1 la Ley Seca en toda la entidad, como una medida preventiva y de orden p\u00fablico. Esta [&hellip;]<\/p>\n","protected":false},"author":4,"featured_media":17038,"comment_status":"open","ping_status":"open","sticky":false,"template":"","format":"standard","meta":[],"categories":[4],"tags":[],"_links":{"self":[{"href":"https:\/\/alertasaltillo.com\/index.php\/wp-json\/wp\/v2\/posts\/17037"}],"collection":[{"href":"https:\/\/alertasaltillo.com\/index.php\/wp-json\/wp\/v2\/posts"}],"about":[{"href":"https:\/\/alertasaltillo.com\/index.php\/wp-json\/wp\/v2\/types\/post"}],"author":[{"embeddable":true,"href":"https:\/\/alertasaltillo.com\/index.php\/wp-json\/wp\/v2\/users\/4"}],"replies":[{"embeddable":true,"href":"https:\/\/alertasaltillo.com\/index.php\/wp-json\/wp\/v2\/comments?post=17037"}],"version-history":[{"count":1,"href":"https:\/\/alertasaltillo.com\/index.php\/wp-json\/wp\/v2\/posts\/17037\/revisions"}],"predecessor-version":[{"id":17039,"href":"https:\/\/alertasaltillo.com\/index.php\/wp-json\/wp\/v2\/posts\/17037\/revisions\/17039"}],"wp:featuredmedia":[{"embeddable":true,"href":"https:\/\/alertasaltillo.com\/index.php\/wp-json\/wp\/v2\/media\/17038"}],"wp:attachment":[{"href":"https:\/\/alertasaltillo.com\/index.php\/wp-json\/wp\/v2\/media?parent=17037"}],"wp:term":[{"taxonomy":"category","embeddable":true,"href":"https:\/\/alertasaltillo.com\/index.php\/wp-json\/wp\/v2\/categories?post=17037"},{"taxonomy":"post_tag","embeddable":true,"href":"https:\/\/alertasaltillo.com\/index.php\/wp-json\/wp\/v2\/tags?post=17037"}],"curies":[{"name":"wp","href":"https:\/\/api.w.org\/{rel}","templated":true}]}}