{"id":16969,"date":"2025-05-25T03:18:51","date_gmt":"2025-05-25T03:18:51","guid":{"rendered":"https:\/\/alertasaltillo.com\/?p=16969"},"modified":"2025-05-25T03:19:02","modified_gmt":"2025-05-25T03:19:02","slug":"continua-inspira-con-el-gran-programa-de-capacitaciones","status":"publish","type":"post","link":"https:\/\/alertasaltillo.com\/index.php\/2025\/05\/25\/continua-inspira-con-el-gran-programa-de-capacitaciones\/","title":{"rendered":"CONTIN\u00daA INSPIRA CON EL GRAN PROGRAMA DE CAPACITACIONES"},"content":{"rendered":"\n<p>Saltillo, Coahuila de Zaragoza; a 24 de mayo de 2025.- Como parte de las acciones que se llevan a cabo dentro del Gran Programa de Capacitaci\u00f3n que desde Inspira Coahuila se puso en marcha, y en el marco del D\u00eda del Psic\u00f3logo, se realiz\u00f3 una sesi\u00f3n de trabajo a la que participaron m\u00e1s de 400 profesionales de la Secretar\u00eda de Educaci\u00f3n.<\/p>\n\n\n\n<p>A ella asistieron de manera presencial psic\u00f3logos de las regiones Sureste y Centro-Desierto, y de manera virtual participaron psic\u00f3logos de las dem\u00e1s regiones de Coahuila.<\/p>\n\n\n\n<p>Esta sesi\u00f3n tuvo la intenci\u00f3n de brindar una sesi\u00f3n de autocuidado, as\u00ed como una sesi\u00f3n preventiva al \u201cburn out\u201d y mesas de trabajo para fortalecer estos servicios que se brindan dentro de las escuelas.<\/p>\n\n\n\n<p>Paola Rodr\u00edguez L\u00f3pez, presidenta honoraria de Inspira, mencion\u00f3 que, adem\u00e1s de ello, se tuvo una sesi\u00f3n virtual para psic\u00f3logos de todo el estado y de todas las dependencias, en la que estuvieron conectados m\u00e1s de 500 de manera simult\u00e1nea.<\/p>\n\n\n\n<p>Coment\u00f3 que se trataron temas como de autocuidado, el tema tan complejo del \u201ccutting\u201d, as\u00ed como herramientas b\u00e1sicas para la intervenci\u00f3n en crisis y la prevenci\u00f3n de suicidio.<\/p>\n\n\n\n<p>\u201cEste Gran Programa de Capacitaci\u00f3n que se lleva a cabo en el Gobierno del Estado tiene por objetivo que el personal que implemente los proyectos estrat\u00e9gicos que se impulsan desde Inspira, tenga la posibilidad de actualizarse, de capacitarse constantemente y que pueda todos adquirir los conocimientos y las herramientas de los temas que va a atender\u201d, extern\u00f3 Paola Rodr\u00edguez.<\/p>\n\n\n\n<p>Reiter\u00f3 que las capacitaciones buscan detonar el desarrollo personal y profesional de nuestra gente en todos los rincones del Estado.<\/p>\n\n\n\n<p><\/p>\n","protected":false},"excerpt":{"rendered":"<p>Saltillo, Coahuila de Zaragoza; a 24 de mayo de 2025.- Como parte de las acciones que se llevan a cabo dentro del Gran Programa de Capacitaci\u00f3n que desde Inspira Coahuila se puso en marcha, y en el marco del D\u00eda del Psic\u00f3logo, se realiz\u00f3 una sesi\u00f3n de trabajo a la que participaron m\u00e1s de 400 [&hellip;]<\/p>\n","protected":false},"author":4,"featured_media":16970,"comment_status":"open","ping_status":"open","sticky":false,"template":"","format":"standard","meta":[],"categories":[4],"tags":[],"_links":{"self":[{"href":"https:\/\/alertasaltillo.com\/index.php\/wp-json\/wp\/v2\/posts\/16969"}],"collection":[{"href":"https:\/\/alertasaltillo.com\/index.php\/wp-json\/wp\/v2\/posts"}],"about":[{"href":"https:\/\/alertasaltillo.com\/index.php\/wp-json\/wp\/v2\/types\/post"}],"author":[{"embeddable":true,"href":"https:\/\/alertasaltillo.com\/index.php\/wp-json\/wp\/v2\/users\/4"}],"replies":[{"embeddable":true,"href":"https:\/\/alertasaltillo.com\/index.php\/wp-json\/wp\/v2\/comments?post=16969"}],"version-history":[{"count":1,"href":"https:\/\/alertasaltillo.com\/index.php\/wp-json\/wp\/v2\/posts\/16969\/revisions"}],"predecessor-version":[{"id":16971,"href":"https:\/\/alertasaltillo.com\/index.php\/wp-json\/wp\/v2\/posts\/16969\/revisions\/16971"}],"wp:featuredmedia":[{"embeddable":true,"href":"https:\/\/alertasaltillo.com\/index.php\/wp-json\/wp\/v2\/media\/16970"}],"wp:attachment":[{"href":"https:\/\/alertasaltillo.com\/index.php\/wp-json\/wp\/v2\/media?parent=16969"}],"wp:term":[{"taxonomy":"category","embeddable":true,"href":"https:\/\/alertasaltillo.com\/index.php\/wp-json\/wp\/v2\/categories?post=16969"},{"taxonomy":"post_tag","embeddable":true,"href":"https:\/\/alertasaltillo.com\/index.php\/wp-json\/wp\/v2\/tags?post=16969"}],"curies":[{"name":"wp","href":"https:\/\/api.w.org\/{rel}","templated":true}]}}