{"id":16963,"date":"2025-05-25T03:07:09","date_gmt":"2025-05-25T03:07:09","guid":{"rendered":"https:\/\/alertasaltillo.com\/?p=16963"},"modified":"2025-05-25T03:07:12","modified_gmt":"2025-05-25T03:07:12","slug":"lanza-coahuila-la-convocatoria-jovenes-gigantes-premio-estatal-de-la-juventud","status":"publish","type":"post","link":"https:\/\/alertasaltillo.com\/index.php\/2025\/05\/25\/lanza-coahuila-la-convocatoria-jovenes-gigantes-premio-estatal-de-la-juventud\/","title":{"rendered":"LANZA COAHUILA LA CONVOCATORIA \u00abJ\u00d3VENES GIGANTES\u00bb PREMIO ESTATAL DE LA JUVENTUD"},"content":{"rendered":"\n<p>&nbsp;<strong><em>Reconocimiento al talento y compromiso Juvenil<\/em><\/strong><\/p>\n\n\n\n<p>Saltillo, Coahuila de Zaragoza; 23 de mayo de 2025.- En el marco del D\u00eda del Estudiante, el secretario de Inclusi\u00f3n y Desarrollo Social, Enrique Mart\u00ednez y Morales, junto con el titular del Instituto Coahuilense de la Juventud, Iv\u00e1n Terashima Zamora, anunciaron la apertura de la convocatoria al Premio Estatal de la Juventud \u201cJ\u00f3venes Gigantes 2025\u201d.<\/p>\n\n\n\n<p>Este reconocimiento se otorgar\u00e1 a j\u00f3venes de entre 12 y 29 a\u00f1os de edad al momento del cierre de la convocatoria, cuya trayectoria, conducta o labor destaquen en alguna de las siguientes categor\u00edas:<\/p>\n\n\n\n<p>\u2022 Excelencia acad\u00e9mica (secundaria, preparatoria y universitaria)<\/p>\n\n\n\n<p>\u2022 Art\u00edstico y cultural<\/p>\n\n\n\n<p>\u2022 Deportivo<\/p>\n\n\n\n<p>\u2022 Compromiso y liderazgo social<\/p>\n\n\n\n<p>\u2022 Emprendimiento<\/p>\n\n\n\n<p>\u2022 Ciencia y tecnolog\u00eda<\/p>\n\n\n\n<p>\u2022 J\u00f3venes con discapacidad<\/p>\n\n\n\n<p>\u2022 Inclusi\u00f3n social<\/p>\n\n\n\n<p>\u2022 Protecci\u00f3n y cuidado del medio ambiente<\/p>\n\n\n\n<p>La iniciativa busca fortalecer las pol\u00edticas p\u00fablicas en materia de juventud, promoviendo la participaci\u00f3n activa de las y los j\u00f3venes en la construcci\u00f3n de un futuro m\u00e1s inclusivo, justo y participativo para Coahuila. En esta edici\u00f3n, el esquema de premiaci\u00f3n es diferente, respetando el est\u00edmulo econ\u00f3mico total de 50 mil pesos, distribuidos en un primer lugar con un premio de 30 mil pesos y dos menciones honor\u00edficas de 10 mil pesos cada una.<\/p>\n\n\n\n<p>Gracias a este nuevo formato, el n\u00famero de j\u00f3venes reconocidos se triplica. Mientras en ediciones anteriores se premiaba a 11 personas, en esta ocasi\u00f3n ser\u00e1n 33 las galardonadas, lo que permitir\u00e1 dar visibilidad a m\u00e1s proyectos, trayectorias, logros e incentivar una participaci\u00f3n m\u00e1s amplia. \u00abCon esta nueva din\u00e1mica no solo reconocemos m\u00e1s talento joven, tambi\u00e9n generamos un incentivo m\u00e1s justo y motivador. Estamos construyendo un Coahuila m\u00e1s fuerte, con j\u00f3venes protagonistas en su transformaci\u00f3n\u00bb, destac\u00f3 Mart\u00ednez y Morales.<\/p>\n\n\n\n<p>Los interesados deber\u00e1n enviar la documentaci\u00f3n requerida escaneada en un solo archivo PDF al correo&nbsp;<a href=\"mailto:jovenesgigantes2025@gmail.com\" rel=\"noreferrer noopener\" target=\"_blank\">jovenesgigantes2025@gmail.com<\/a>&nbsp;, indicando en el asunto la categor\u00eda en la que desean participar y su municipio de residencia. La convocatoria estar\u00e1 abierta hasta el viernes 15 de agosto de 2025 a las 23:59 horas.<\/p>\n\n\n\n<p>Melissa Alejandra Moreno Soto, ganadora de la categor\u00eda Art\u00edstica y Cultural en 2024, comparti\u00f3 su experiencia como un mensaje de aliento para quienes desean participar: \u00abFue mi tercer intento y la \u00faltima oportunidad por mi edad. Haber ganado signific\u00f3 much\u00edsimo: me permiti\u00f3 seguir expresando arte, contar mi historia y demostrar que s\u00ed se puede. El arte abre puertas, y en Coahuila hay muchas instancias que lo reconocen. \u00a1An\u00edmense a participar!\u00bb, concluy\u00f3.<\/p>\n\n\n\n<p><\/p>\n","protected":false},"excerpt":{"rendered":"<p>&nbsp;Reconocimiento al talento y compromiso Juvenil Saltillo, Coahuila de Zaragoza; 23 de mayo de 2025.- En el marco del D\u00eda del Estudiante, el secretario de Inclusi\u00f3n y Desarrollo Social, Enrique Mart\u00ednez y Morales, junto con el titular del Instituto Coahuilense de la Juventud, Iv\u00e1n Terashima Zamora, anunciaron la apertura de la convocatoria al Premio Estatal [&hellip;]<\/p>\n","protected":false},"author":4,"featured_media":16964,"comment_status":"open","ping_status":"open","sticky":false,"template":"","format":"standard","meta":[],"categories":[4],"tags":[],"_links":{"self":[{"href":"https:\/\/alertasaltillo.com\/index.php\/wp-json\/wp\/v2\/posts\/16963"}],"collection":[{"href":"https:\/\/alertasaltillo.com\/index.php\/wp-json\/wp\/v2\/posts"}],"about":[{"href":"https:\/\/alertasaltillo.com\/index.php\/wp-json\/wp\/v2\/types\/post"}],"author":[{"embeddable":true,"href":"https:\/\/alertasaltillo.com\/index.php\/wp-json\/wp\/v2\/users\/4"}],"replies":[{"embeddable":true,"href":"https:\/\/alertasaltillo.com\/index.php\/wp-json\/wp\/v2\/comments?post=16963"}],"version-history":[{"count":1,"href":"https:\/\/alertasaltillo.com\/index.php\/wp-json\/wp\/v2\/posts\/16963\/revisions"}],"predecessor-version":[{"id":16965,"href":"https:\/\/alertasaltillo.com\/index.php\/wp-json\/wp\/v2\/posts\/16963\/revisions\/16965"}],"wp:featuredmedia":[{"embeddable":true,"href":"https:\/\/alertasaltillo.com\/index.php\/wp-json\/wp\/v2\/media\/16964"}],"wp:attachment":[{"href":"https:\/\/alertasaltillo.com\/index.php\/wp-json\/wp\/v2\/media?parent=16963"}],"wp:term":[{"taxonomy":"category","embeddable":true,"href":"https:\/\/alertasaltillo.com\/index.php\/wp-json\/wp\/v2\/categories?post=16963"},{"taxonomy":"post_tag","embeddable":true,"href":"https:\/\/alertasaltillo.com\/index.php\/wp-json\/wp\/v2\/tags?post=16963"}],"curies":[{"name":"wp","href":"https:\/\/api.w.org\/{rel}","templated":true}]}}